{"id":10999,"date":"2024-07-28T22:11:52","date_gmt":"2024-07-28T22:11:52","guid":{"rendered":"https:\/\/tvbrazilusa.com\/2024\/07\/28\/flamengo-e-globo-protagonizam-briga-ferrenha\/"},"modified":"2024-07-29T07:04:25","modified_gmt":"2024-07-29T07:04:25","slug":"flamengo-e-globo-protagonizam-briga-ferrenha","status":"publish","type":"post","link":"https:\/\/tvbrazilusa.com\/pt\/2024\/07\/28\/flamengo-e-globo-protagonizam-briga-ferrenha\/","title":{"rendered":"Flamengo e Globo protagonizam briga ferrenha"},"content":{"rendered":"<p> <script async src=\"https:\/\/pagead2.googlesyndication.com\/pagead\/js\/adsbygoogle.js?client=ca-pub-8864793242727901\"\r\n     crossorigin=\"anonymous\"><\/script><br \/>\n<\/p>\n<div>\n<p>Uma situa\u00e7\u00e3o inesperada est\u00e1 rolando entre a <strong>Globo<\/strong> e o <strong>Flamengo<\/strong> na Justi\u00e7a para o registro de uma marca no INPI (Instituto Nacional da Propriedade Industrial). A briga envolve o termo \u201cO Mais Querido\u201d, que a empresa quer usar em um projeto do Globoplay. Segundo as informa\u00e7\u00f5es do F5, da Folha de S. Paulo, o clube de futebol mais popular do pa\u00eds tamb\u00e9m \u00e9 conhecido por este apelido. Essa situa\u00e7\u00e3o gerou um clim\u00e3o entre a emissora e o time do Rio de Janeiro.<\/p>\n<p>Desde os anos 1970, a palavra \u00e9 usada pelo clube em v\u00e1rias campanhas e nas redes sociais. Eles costumam apostar em <strong>O Mais Querido<\/strong> at\u00e9 mesmo no incentivo para os atletas e a pr\u00f3pria torcida em momentos especiais. Os documentos mostram que o Flamengo foi pego de surpresa por conta do interesse da Globo com o registro no INPI. Por outro lado, uma oposi\u00e7\u00e3o foi apresentada ap\u00f3s o pedido realizado pela equipe da emissora, alegando que algo do tipo j\u00e1 havia acontecido antes.<\/p>\n<h2 class=\"wp-block-heading\">Disputa entre Flamengo e Globo no INPI<\/h2>\n<p>O clube de futebol escolheu registrar a marca \u201cO Mais Querido do Mundo\u201d, que por sinal tamb\u00e9m acaba sendo bastante usada. Para a surpresa da equipe, essa j\u00e1 n\u00e3o teve nenhum problema para ser registrada na capital carioca. Por outro lado, o S\u00e3o Paulo tamb\u00e9m usa a marca e n\u00e3o apresentou oposi\u00e7\u00e3o com a solicita\u00e7\u00e3o feita pela Globo. A dire\u00e7\u00e3o do canal tem o interesse em usar o registro que antes n\u00e3o havia sido feito por ningu\u00e9m.<\/p>\n<h2 class=\"wp-block-heading\">Por que \u201cO Mais Querido\u201d \u00e9 t\u00e3o importante?<\/h2>\n<p>Desde que o <strong>Flamengo<\/strong> adotou o apelido na d\u00e9cada de 1970, ele se tornou um s\u00edmbolo de identifica\u00e7\u00e3o e orgulho entre os torcedores. O uso do termo \u201cO Mais Querido\u201d em campanhas, hinos e redes sociais fortaleceu a imagem do clube dentro e fora do Brasil. Esse t\u00edtulo carinhoso conquistou as redes sociais e serve como um incentivo para jogadores e f\u00e3s em diversas situa\u00e7\u00f5es especiais.<\/p>\n<h2 class=\"wp-block-heading\">O que est\u00e1 em jogo?<\/h2>\n<p>A disputa pelo termo \u201cO Mais Querido\u201d no INPI tornou-se uma quest\u00e3o de identidade. Para a Globo, ter o direito de usar a marca em um projeto do Globoplay poderia trazer benef\u00edcios comerciais significativos, al\u00e9m de agregar valor aos seus conte\u00fados esportivos. Por outro lado, o Flamengo v\u00ea a tentativa de registro como uma afronta ao seu legado e hist\u00f3ria, algo que vai muito al\u00e9m de uma simples marca comercial.<\/p>\n<h3 class=\"wp-block-heading\">Repercuss\u00f5es e pr\u00f3ximos passos<\/h3>\n<p>At\u00e9 o momento, tanto o Flamengo quanto a Globo preferiram n\u00e3o se pronunciar publicamente sobre o caso. No entanto, a decis\u00e3o do INPI ser\u00e1 crucial para definir a quem pertence o direito de uso deste apelido t\u00e3o emblem\u00e1tico. A expectativa \u00e9 que essa disputa continue gerando debates e, possivelmente, novas a\u00e7\u00f5es judiciais por ambas as partes.<\/p>\n<\/p><\/div>\n<p><br \/>\n<br \/><a href=\"https:\/\/terrabrasilnoticias.com\/2024\/07\/flamengo-e-globo-protagonizam-briga-ferrenha\/\">Source link <\/a><\/p>","protected":false},"excerpt":{"rendered":"<p>Uma situa\u00e7\u00e3o inesperada est\u00e1 rolando entre a Globo e o Flamengo na Justi\u00e7a para o registro de uma marca no INPI (Instituto Nacional da Propriedade Industrial). A briga envolve o&hellip;<\/p>","protected":false},"author":1,"featured_media":11000,"comment_status":"closed","ping_status":"open","sticky":false,"template":"","format":"standard","meta":{"content-type":"","footnotes":""},"categories":[16],"tags":[],"class_list":["post-10999","post","type-post","status-publish","format-standard","has-post-thumbnail","hentry","category-noticias"],"_links":{"self":[{"href":"https:\/\/tvbrazilusa.com\/pt\/wp-json\/wp\/v2\/posts\/10999","targetHints":{"allow":["GET"]}}],"collection":[{"href":"https:\/\/tvbrazilusa.com\/pt\/wp-json\/wp\/v2\/posts"}],"about":[{"href":"https:\/\/tvbrazilusa.com\/pt\/wp-json\/wp\/v2\/types\/post"}],"author":[{"embeddable":true,"href":"https:\/\/tvbrazilusa.com\/pt\/wp-json\/wp\/v2\/users\/1"}],"replies":[{"embeddable":true,"href":"https:\/\/tvbrazilusa.com\/pt\/wp-json\/wp\/v2\/comments?post=10999"}],"version-history":[{"count":1,"href":"https:\/\/tvbrazilusa.com\/pt\/wp-json\/wp\/v2\/posts\/10999\/revisions"}],"predecessor-version":[{"id":11001,"href":"https:\/\/tvbrazilusa.com\/pt\/wp-json\/wp\/v2\/posts\/10999\/revisions\/11001"}],"wp:featuredmedia":[{"embeddable":true,"href":"https:\/\/tvbrazilusa.com\/pt\/wp-json\/wp\/v2\/media\/11000"}],"wp:attachment":[{"href":"https:\/\/tvbrazilusa.com\/pt\/wp-json\/wp\/v2\/media?parent=10999"}],"wp:term":[{"taxonomy":"category","embeddable":true,"href":"https:\/\/tvbrazilusa.com\/pt\/wp-json\/wp\/v2\/categories?post=10999"},{"taxonomy":"post_tag","embeddable":true,"href":"https:\/\/tvbrazilusa.com\/pt\/wp-json\/wp\/v2\/tags?post=10999"}],"curies":[{"name":"wp","href":"https:\/\/api.w.org\/{rel}","templated":true}]}}