{"id":109991,"date":"2025-03-10T23:06:13","date_gmt":"2025-03-10T23:06:13","guid":{"rendered":"https:\/\/tvbrazilusa.com\/2025\/03\/10\/cuba-fica-no-escuro-populacao-enfrenta-apagao\/"},"modified":"2025-03-10T23:06:18","modified_gmt":"2025-03-10T23:06:18","slug":"cuba-fica-no-escuro-populacao-enfrenta-apagao","status":"publish","type":"post","link":"https:\/\/tvbrazilusa.com\/pt\/2025\/03\/10\/cuba-fica-no-escuro-populacao-enfrenta-apagao\/","title":{"rendered":"Cuba fica no escuro: popula\u00e7\u00e3o enfrenta apag\u00e3o"},"content":{"rendered":"<p> <script async src=\"https:\/\/pagead2.googlesyndication.com\/pagead\/js\/adsbygoogle.js?client=ca-pub-8864793242727901\"\r\n     crossorigin=\"anonymous\"><\/script><br \/>\n<\/p>\n<div id=\"taboola-read-more\" style=\"display:block; width:100%\">\n<p>A energia el\u00e9trica entrou para a lista de servi\u00e7os que a ditadura de Cuba n\u00e3o consegue fornecer. Em um comunicado nesta segunda-feira, 10, a estatal respons\u00e1vel pelo abastecimento de eletricidade do pa\u00eds admitiu que a oferta n\u00e3o est\u00e1 suprindo a demanda nos hor\u00e1rios de pico.\n<\/p>\n<p>De acordo com a estatal, a demanda \u00e9 quase duas vezes maior que a oferta de energia el\u00e9trica dispon\u00edvel em Cuba no hor\u00e1rio de pico. \u201cEstima-se uma disponibilidade m\u00e1xima de 1.760 MW e uma demanda m\u00e1xima de 3.200 MW, resultando em um d\u00e9ficit de 1.440 MW\u201d, afirma o comunicado. Al\u00e9m disso, o texto admite que o abastecimento permaneceu afetado entre as 6h30 da manh\u00e3 de 9 de mar\u00e7o e a madrugada de hoje.<\/p>\n<p>O relato sobre a falta de eletricidade no territ\u00f3rio cubano \u00e9 constante. No site Cubadebate, por exemplo, as notas informando a popula\u00e7\u00e3o sobre a falta de energia s\u00e3o publicadas regularmente desde 2021. E essa \u00e9 uma publica\u00e7\u00e3o apoiada pelo governo.\n<\/p>\n<p>Energia el\u00e9trica em Cuba<br \/>Segundo a Ag\u00eancia Internacional de Energia, 95% for\u00e7a el\u00e9trica de Cuba prov\u00e9m de fontes n\u00e3o renov\u00e1veis. As duas maiores fontes utilizadas no pa\u00eds s\u00e3o o petr\u00f3leo (83%) e o g\u00e1s natural (12%).\n<\/p>\n<p>Em 2022, a produ\u00e7\u00e3o nacional fechou em cerca de 1 MWh por habitante. Esse volume corresponde a pouco mais de um ter\u00e7o da oferta do Brasil por morador (2,7 MWh) no mesmo per\u00edodo. Al\u00e9m disso, os dados mostram uma queda acentuada na disponibilidade de energia em Cuba.\n<\/p>\n<p>A oferta de energia el\u00e9trica por habitante em 2022 foi a menor em 23 anos. Os balan\u00e7os de 2023 e 2024 ainda n\u00e3o foram divulgados.\n<\/p>\n<p>Fonte: Revista Oeste              <\/p>\n<\/div>\n<p><br \/>\n<br \/><a href=\"https:\/\/diariodobrasilnoticias.com.br\/noticia\/cuba-fica-no-escuro-populacao-enfrenta-apagao-67cf5ae72c09a\">Source link <\/a><\/p>","protected":false},"excerpt":{"rendered":"<p>A energia el\u00e9trica entrou para a lista de servi\u00e7os que a ditadura de Cuba n\u00e3o consegue fornecer. Em um comunicado nesta segunda-feira, 10, a estatal respons\u00e1vel pelo abastecimento de eletricidade&hellip;<\/p>","protected":false},"author":1,"featured_media":109992,"comment_status":"closed","ping_status":"open","sticky":false,"template":"","format":"standard","meta":{"content-type":"","footnotes":""},"categories":[16],"tags":[123,2448,5313,1267],"class_list":["post-109991","post","type-post","status-publish","format-standard","has-post-thumbnail","hentry","category-noticias","tag-brasil","tag-diario","tag-noticia","tag-noticias"],"_links":{"self":[{"href":"https:\/\/tvbrazilusa.com\/pt\/wp-json\/wp\/v2\/posts\/109991","targetHints":{"allow":["GET"]}}],"collection":[{"href":"https:\/\/tvbrazilusa.com\/pt\/wp-json\/wp\/v2\/posts"}],"about":[{"href":"https:\/\/tvbrazilusa.com\/pt\/wp-json\/wp\/v2\/types\/post"}],"author":[{"embeddable":true,"href":"https:\/\/tvbrazilusa.com\/pt\/wp-json\/wp\/v2\/users\/1"}],"replies":[{"embeddable":true,"href":"https:\/\/tvbrazilusa.com\/pt\/wp-json\/wp\/v2\/comments?post=109991"}],"version-history":[{"count":1,"href":"https:\/\/tvbrazilusa.com\/pt\/wp-json\/wp\/v2\/posts\/109991\/revisions"}],"predecessor-version":[{"id":109993,"href":"https:\/\/tvbrazilusa.com\/pt\/wp-json\/wp\/v2\/posts\/109991\/revisions\/109993"}],"wp:featuredmedia":[{"embeddable":true,"href":"https:\/\/tvbrazilusa.com\/pt\/wp-json\/wp\/v2\/media\/109992"}],"wp:attachment":[{"href":"https:\/\/tvbrazilusa.com\/pt\/wp-json\/wp\/v2\/media?parent=109991"}],"wp:term":[{"taxonomy":"category","embeddable":true,"href":"https:\/\/tvbrazilusa.com\/pt\/wp-json\/wp\/v2\/categories?post=109991"},{"taxonomy":"post_tag","embeddable":true,"href":"https:\/\/tvbrazilusa.com\/pt\/wp-json\/wp\/v2\/tags?post=109991"}],"curies":[{"name":"wp","href":"https:\/\/api.w.org\/{rel}","templated":true}]}}