{"id":109994,"date":"2025-03-10T23:19:23","date_gmt":"2025-03-10T23:19:23","guid":{"rendered":"https:\/\/tvbrazilusa.com\/2025\/03\/10\/stf-ministro-atua-para-impedir-dominio-da-direita-no-senado\/"},"modified":"2025-03-10T23:19:27","modified_gmt":"2025-03-10T23:19:27","slug":"stf-ministro-atua-para-impedir-dominio-da-direita-no-senado","status":"publish","type":"post","link":"https:\/\/tvbrazilusa.com\/pt\/2025\/03\/10\/stf-ministro-atua-para-impedir-dominio-da-direita-no-senado\/","title":{"rendered":"STF: Ministro atua para impedir dom\u00ednio da direita no Senado"},"content":{"rendered":"<p> <script async src=\"https:\/\/pagead2.googlesyndication.com\/pagead\/js\/adsbygoogle.js?client=ca-pub-8864793242727901\"\r\n     crossorigin=\"anonymous\"><\/script><br \/>\n<\/p>\n<div id=\"taboola-read-more\" style=\"display:block; width:100%\">\n<p>Um ministro do Supremo Tribunal Federal (STF) estaria em campanha, procurando por governadores e tentando persuadi-los a se candidatarem ao Senado. A atua\u00e7\u00e3o pol\u00edtica, \u00e0 margem da atividade judicante de um magistrado da mais alta corte do pa\u00eds, tem o claro objetivo de impedir que o l\u00edder da direita no Brasil, Jair Bolsonaro (PL), consiga eleger maioria na Casa.\n<\/p>\n<p>A informa\u00e7\u00e3o foi divulgada neste domingo (9), na coluna de Lauro Jardim, no jornal O Globo.<\/p>\n<p>A preocupa\u00e7\u00e3o se deve ao fato do Senado Federal ser a casa parlamentar que tem o dever constitucional de impedir arb\u00edtrios por parte de ministros do STF, podendo destitu\u00ed-los de seus cargos no tribunal, via processo de impeachment.\n<\/p>\n<p>Fonte: Pleno News              <\/p>\n<\/div>\n<p><br \/>\n<br \/><a href=\"https:\/\/diariodobrasilnoticias.com.br\/noticia\/stf-ministro-atua-para-impedir-dominio-da-direita-no-senado-67cf598c03957\">Source link <\/a><\/p>","protected":false},"excerpt":{"rendered":"<p>Um ministro do Supremo Tribunal Federal (STF) estaria em campanha, procurando por governadores e tentando persuadi-los a se candidatarem ao Senado. A atua\u00e7\u00e3o pol\u00edtica, \u00e0 margem da atividade judicante de&hellip;<\/p>","protected":false},"author":1,"featured_media":109995,"comment_status":"closed","ping_status":"open","sticky":false,"template":"","format":"standard","meta":{"content-type":"","footnotes":""},"categories":[16],"tags":[123,2448,5313,1267],"class_list":["post-109994","post","type-post","status-publish","format-standard","has-post-thumbnail","hentry","category-noticias","tag-brasil","tag-diario","tag-noticia","tag-noticias"],"_links":{"self":[{"href":"https:\/\/tvbrazilusa.com\/pt\/wp-json\/wp\/v2\/posts\/109994","targetHints":{"allow":["GET"]}}],"collection":[{"href":"https:\/\/tvbrazilusa.com\/pt\/wp-json\/wp\/v2\/posts"}],"about":[{"href":"https:\/\/tvbrazilusa.com\/pt\/wp-json\/wp\/v2\/types\/post"}],"author":[{"embeddable":true,"href":"https:\/\/tvbrazilusa.com\/pt\/wp-json\/wp\/v2\/users\/1"}],"replies":[{"embeddable":true,"href":"https:\/\/tvbrazilusa.com\/pt\/wp-json\/wp\/v2\/comments?post=109994"}],"version-history":[{"count":1,"href":"https:\/\/tvbrazilusa.com\/pt\/wp-json\/wp\/v2\/posts\/109994\/revisions"}],"predecessor-version":[{"id":109996,"href":"https:\/\/tvbrazilusa.com\/pt\/wp-json\/wp\/v2\/posts\/109994\/revisions\/109996"}],"wp:featuredmedia":[{"embeddable":true,"href":"https:\/\/tvbrazilusa.com\/pt\/wp-json\/wp\/v2\/media\/109995"}],"wp:attachment":[{"href":"https:\/\/tvbrazilusa.com\/pt\/wp-json\/wp\/v2\/media?parent=109994"}],"wp:term":[{"taxonomy":"category","embeddable":true,"href":"https:\/\/tvbrazilusa.com\/pt\/wp-json\/wp\/v2\/categories?post=109994"},{"taxonomy":"post_tag","embeddable":true,"href":"https:\/\/tvbrazilusa.com\/pt\/wp-json\/wp\/v2\/tags?post=109994"}],"curies":[{"name":"wp","href":"https:\/\/api.w.org\/{rel}","templated":true}]}}