{"id":109997,"date":"2025-03-10T23:32:54","date_gmt":"2025-03-10T23:32:54","guid":{"rendered":"https:\/\/tvbrazilusa.com\/2025\/03\/10\/vulcao-em-erupcao-provoca-evacuacao-na-guatemala\/"},"modified":"2025-03-10T23:32:56","modified_gmt":"2025-03-10T23:32:56","slug":"vulcao-em-erupcao-provoca-evacuacao-na-guatemala","status":"publish","type":"post","link":"https:\/\/tvbrazilusa.com\/pt\/2025\/03\/10\/vulcao-em-erupcao-provoca-evacuacao-na-guatemala\/","title":{"rendered":"Vulc\u00e3o em erup\u00e7\u00e3o provoca evacua\u00e7\u00e3o na Guatemala"},"content":{"rendered":"<p> <script async src=\"https:\/\/pagead2.googlesyndication.com\/pagead\/js\/adsbygoogle.js?client=ca-pub-8864793242727901\"\r\n     crossorigin=\"anonymous\"><\/script><br \/>\n<\/p>\n<div id=\"taboola-read-more\" style=\"display:block; width:100%\">\n<p>Cerca de mil pessoas foram for\u00e7adas a deixar suas casas neste domingo, 9, devido a uma nova erup\u00e7\u00e3o do Vulc\u00e3o de Fogo, localizado a aproximadamente 35 km a sudoeste da Cidade da Guatemala, capital do pa\u00eds, relata a AFP. O vulc\u00e3o intensificou sua atividade ao expelir colunas de lava, cinzas e rochas.\n<\/p>\n<p>As autoridades declararam alerta laranja no domingo \u00e0 noite para garantir \u201ccomunica\u00e7\u00e3o cont\u00ednua com prefeitos e governadores\u201d, afirmou Juan Laureano, porta-voz da Coordenadoria Nacional para a Redu\u00e7\u00e3o de Desastres (Conred). Ele se referiu \u00e0 comunidade de El Porvenir, no munic\u00edpio de Alotenango.<\/p>\n<p>\u201cComo medida de preven\u00e7\u00e3o, cerca de 125 fam\u00edlias, aproximadamente 900 pessoas, come\u00e7aram a ser evacuadas\u201d, informou o porta-voz.\n<\/p>\n<p>Nestas \u00e1reas pr\u00f3ximas ao vulc\u00e3o, o objetivo da opera\u00e7\u00e3o \u00e9 coordenar as a\u00e7\u00f5es de preven\u00e7\u00e3o e resposta diante da erup\u00e7\u00e3o, de acordo com um comunicado da Conred.\n<\/p>\n<p>Imagens de um fot\u00f3grafo da ag\u00eancia capturaram a chegada dos evacuados em \u00f4nibus ao sal\u00e3o municipal de Alotenango, que funcionar\u00e1 como abrigo tempor\u00e1rio.\n<\/p>\n<p>Tamb\u00e9m foram suspensas as aulas na cidade. Uma rodovia crucial que liga o sul da Guatemala \u00e0 cidade de Antigua, um dos principais destinos tur\u00edsticos do pa\u00eds, foi interditada. O local \u00e9 classificado como Patrim\u00f4nio Mundial da Humanidade pela Unesco desde 1979.\n<\/p>\n<p>Erup\u00e7\u00e3o do vulc\u00e3o causou devasta\u00e7\u00e3o em 2018<br \/>Laureano afirmou que as autoridades monitoram o fluxo de material pirocl\u00e1stico (ejetado durante uma erup\u00e7\u00e3o vulc\u00e2nica), composto por gases, cinzas e pedras quentes que descem rapidamente pelas encostas do vulc\u00e3o, que tem 3.763 metros de altitude e abrange os departamentos de Escuintla, Chimaltenango e Sacatep\u00e9quez.\n<\/p>\n<p>O Vulc\u00e3o de Fogo foi, entre outras, respons\u00e1vel por uma devastadora erup\u00e7\u00e3o em 3 de junho de 2018. Na ocasi\u00e3o uma avalanche de material incandescente atingiu a comunidade de San Miguel Los Lotes, em Escuintla e danificou parte da rodovia em Alotenango, Sacatep\u00e9quez. A trag\u00e9dia resultou na morte de 215 pessoas, al\u00e9m de um n\u00famero semelhante de desaparecidos.\n<\/p>\n<p>Na Guatemala, outros vulc\u00f5es tamb\u00e9m est\u00e3o ativos, como o Santiaguito, a oeste, e o Pacaya, ao sul.\n<\/p>\n<p>Fonte: Revista Oeste              <\/p>\n<\/div>\n<p><br \/>\n<br \/><a href=\"https:\/\/diariodobrasilnoticias.com.br\/noticia\/vulcao-em-erupcao-provoca-evacuacao-na-guatemala-67cf5bc210bae\">Source link <\/a><\/p>","protected":false},"excerpt":{"rendered":"<p>Cerca de mil pessoas foram for\u00e7adas a deixar suas casas neste domingo, 9, devido a uma nova erup\u00e7\u00e3o do Vulc\u00e3o de Fogo, localizado a aproximadamente 35 km a sudoeste da&hellip;<\/p>","protected":false},"author":1,"featured_media":109998,"comment_status":"closed","ping_status":"open","sticky":false,"template":"","format":"standard","meta":{"content-type":"","footnotes":""},"categories":[16],"tags":[123,2448,5313,1267],"class_list":["post-109997","post","type-post","status-publish","format-standard","has-post-thumbnail","hentry","category-noticias","tag-brasil","tag-diario","tag-noticia","tag-noticias"],"_links":{"self":[{"href":"https:\/\/tvbrazilusa.com\/pt\/wp-json\/wp\/v2\/posts\/109997","targetHints":{"allow":["GET"]}}],"collection":[{"href":"https:\/\/tvbrazilusa.com\/pt\/wp-json\/wp\/v2\/posts"}],"about":[{"href":"https:\/\/tvbrazilusa.com\/pt\/wp-json\/wp\/v2\/types\/post"}],"author":[{"embeddable":true,"href":"https:\/\/tvbrazilusa.com\/pt\/wp-json\/wp\/v2\/users\/1"}],"replies":[{"embeddable":true,"href":"https:\/\/tvbrazilusa.com\/pt\/wp-json\/wp\/v2\/comments?post=109997"}],"version-history":[{"count":1,"href":"https:\/\/tvbrazilusa.com\/pt\/wp-json\/wp\/v2\/posts\/109997\/revisions"}],"predecessor-version":[{"id":109999,"href":"https:\/\/tvbrazilusa.com\/pt\/wp-json\/wp\/v2\/posts\/109997\/revisions\/109999"}],"wp:featuredmedia":[{"embeddable":true,"href":"https:\/\/tvbrazilusa.com\/pt\/wp-json\/wp\/v2\/media\/109998"}],"wp:attachment":[{"href":"https:\/\/tvbrazilusa.com\/pt\/wp-json\/wp\/v2\/media?parent=109997"}],"wp:term":[{"taxonomy":"category","embeddable":true,"href":"https:\/\/tvbrazilusa.com\/pt\/wp-json\/wp\/v2\/categories?post=109997"},{"taxonomy":"post_tag","embeddable":true,"href":"https:\/\/tvbrazilusa.com\/pt\/wp-json\/wp\/v2\/tags?post=109997"}],"curies":[{"name":"wp","href":"https:\/\/api.w.org\/{rel}","templated":true}]}}