{"id":110003,"date":"2025-03-10T23:59:50","date_gmt":"2025-03-10T23:59:50","guid":{"rendered":"https:\/\/tvbrazilusa.com\/2025\/03\/10\/tensao-governo-lula-pressiona-governos-estaduais-a-zerarem-impostos-sobre-alimentos-repassando-responsabilidade\/"},"modified":"2025-03-10T23:59:54","modified_gmt":"2025-03-10T23:59:54","slug":"tensao-governo-lula-pressiona-governos-estaduais-a-zerarem-impostos-sobre-alimentos-repassando-responsabilidade","status":"publish","type":"post","link":"https:\/\/tvbrazilusa.com\/pt\/2025\/03\/10\/tensao-governo-lula-pressiona-governos-estaduais-a-zerarem-impostos-sobre-alimentos-repassando-responsabilidade\/","title":{"rendered":"Tens\u00e3o: Governo Lula pressiona governos estaduais a zerarem impostos sobre alimentos repassando responsabilidade"},"content":{"rendered":"<p> <script async src=\"https:\/\/pagead2.googlesyndication.com\/pagead\/js\/adsbygoogle.js?client=ca-pub-8864793242727901\"\r\n     crossorigin=\"anonymous\"><\/script><br \/>\n<\/p>\n<div id=\"taboola-read-more\" style=\"display:block; width:100%\">\n<p>Ap\u00f3s o an\u00fancio da isen\u00e7\u00e3o do Imposto de Importa\u00e7\u00e3o para uma s\u00e9rie de alimentos, o vice-presidente Geraldo Alckmin solicitou que os estados adotem a mesma medida para o ICMS sobre itens da cesta b\u00e1sica. A declara\u00e7\u00e3o foi feita ap\u00f3s uma reuni\u00e3o entre ministros e empres\u00e1rios do setor.\n<\/p>\n<p><strong>Apelo aos Governadores<\/strong><br \/>\u201cO governo federal zerou tributos sobre cesta b\u00e1sica, mas alguns estados ainda tributam o ICMS em determinados produtos. O apelo \u00e9 para que os estados tamb\u00e9m zerem esse imposto\u201d, afirmou Alckmin. Segundo ele, a solicita\u00e7\u00e3o ser\u00e1 encaminhada aos governadores para an\u00e1lise.<\/p>\n<p><strong>Parceria para Redu\u00e7\u00e3o de Pre\u00e7os<\/strong><br \/>Al\u00e9m da quest\u00e3o tribut\u00e1ria, o vice-presidente anunciou uma parceria entre governo e setor privado para ampliar a divulga\u00e7\u00e3o de pre\u00e7os mais baixos nos mercados. O objetivo \u00e9 estimular a concorr\u00eancia e beneficiar os consumidores com produtos mais acess\u00edveis.\n<\/p>\n<p>J\u00e1 o secret\u00e1rio de Pol\u00edtica Econ\u00f4mica do Minist\u00e9rio da Fazenda, Guilherme Mello, destacou que a isen\u00e7\u00e3o de tributos sobre a importa\u00e7\u00e3o ainda ser\u00e1 analisada em termos de impacto fiscal. Ele explicou que muitos produtos eram pouco importados devido \u00e0s al\u00edquotas elevadas, e a medida pode aumentar a oferta no mercado interno.\n<\/p>\n<p><strong>Isen\u00e7\u00e3o do Imposto de Importa\u00e7\u00e3o para o A\u00e7\u00facar<\/strong><br \/>O diretor-presidente da Uni\u00e3o da Ind\u00fastria de Cana-de-A\u00e7\u00facar e Bioenergia (Unica), Evandro Gussi, apoiou a decis\u00e3o de zerar o imposto sobre o a\u00e7\u00facar. Segundo ele, a medida \u00e9 \u201cnatural e adequada\u201d diante da necessidade de reduzir os pre\u00e7os dos alimentos. Ele afirmou que o momento exige uni\u00e3o entre setores p\u00fablico e privado para enfrentar a alta da infla\u00e7\u00e3o alimentar.\n<\/p>\n<p>O governo federal segue acompanhando o impacto das medidas e espera que os estados colaborem para ampliar o efeito da redu\u00e7\u00e3o de tributos na cesta b\u00e1sica, beneficiando milh\u00f5es de brasileiros.\n<\/p>\n<p>Fonte: Portal Maracana\u00fa              <\/p>\n<\/div>\n<p><br \/>\n<br \/><a href=\"https:\/\/diariodobrasilnoticias.com.br\/noticia\/tensao-governo-lula-pressiona-governos-estaduais-a-zerarem-impostos-sobre-alimentos-repassando-responsabilidade-67cf765029084\">Source link <\/a><\/p>","protected":false},"excerpt":{"rendered":"<p>Ap\u00f3s o an\u00fancio da isen\u00e7\u00e3o do Imposto de Importa\u00e7\u00e3o para uma s\u00e9rie de alimentos, o vice-presidente Geraldo Alckmin solicitou que os estados adotem a mesma medida para o ICMS sobre&hellip;<\/p>","protected":false},"author":1,"featured_media":110004,"comment_status":"closed","ping_status":"open","sticky":false,"template":"","format":"standard","meta":{"content-type":"","footnotes":""},"categories":[16],"tags":[123,2448,5313,1267],"class_list":["post-110003","post","type-post","status-publish","format-standard","has-post-thumbnail","hentry","category-noticias","tag-brasil","tag-diario","tag-noticia","tag-noticias"],"_links":{"self":[{"href":"https:\/\/tvbrazilusa.com\/pt\/wp-json\/wp\/v2\/posts\/110003","targetHints":{"allow":["GET"]}}],"collection":[{"href":"https:\/\/tvbrazilusa.com\/pt\/wp-json\/wp\/v2\/posts"}],"about":[{"href":"https:\/\/tvbrazilusa.com\/pt\/wp-json\/wp\/v2\/types\/post"}],"author":[{"embeddable":true,"href":"https:\/\/tvbrazilusa.com\/pt\/wp-json\/wp\/v2\/users\/1"}],"replies":[{"embeddable":true,"href":"https:\/\/tvbrazilusa.com\/pt\/wp-json\/wp\/v2\/comments?post=110003"}],"version-history":[{"count":1,"href":"https:\/\/tvbrazilusa.com\/pt\/wp-json\/wp\/v2\/posts\/110003\/revisions"}],"predecessor-version":[{"id":110005,"href":"https:\/\/tvbrazilusa.com\/pt\/wp-json\/wp\/v2\/posts\/110003\/revisions\/110005"}],"wp:featuredmedia":[{"embeddable":true,"href":"https:\/\/tvbrazilusa.com\/pt\/wp-json\/wp\/v2\/media\/110004"}],"wp:attachment":[{"href":"https:\/\/tvbrazilusa.com\/pt\/wp-json\/wp\/v2\/media?parent=110003"}],"wp:term":[{"taxonomy":"category","embeddable":true,"href":"https:\/\/tvbrazilusa.com\/pt\/wp-json\/wp\/v2\/categories?post=110003"},{"taxonomy":"post_tag","embeddable":true,"href":"https:\/\/tvbrazilusa.com\/pt\/wp-json\/wp\/v2\/tags?post=110003"}],"curies":[{"name":"wp","href":"https:\/\/api.w.org\/{rel}","templated":true}]}}