{"id":110020,"date":"2025-03-11T01:07:40","date_gmt":"2025-03-11T01:07:40","guid":{"rendered":"https:\/\/tvbrazilusa.com\/2025\/03\/11\/governo-lula-se-desespera-com-a-iminencia-do-pp-sair-da-base-e-corre-atras-do-lider-para-tentar-reverter-saida\/"},"modified":"2025-03-11T01:07:42","modified_gmt":"2025-03-11T01:07:42","slug":"governo-lula-se-desespera-com-a-iminencia-do-pp-sair-da-base-e-corre-atras-do-lider-para-tentar-reverter-saida","status":"publish","type":"post","link":"https:\/\/tvbrazilusa.com\/pt\/2025\/03\/11\/governo-lula-se-desespera-com-a-iminencia-do-pp-sair-da-base-e-corre-atras-do-lider-para-tentar-reverter-saida\/","title":{"rendered":"Governo Lula se desespera com a imin\u00eancia do PP sair da base e corre atr\u00e1s do l\u00edder para tentar reverter sa\u00edda"},"content":{"rendered":"<p> <script async src=\"https:\/\/pagead2.googlesyndication.com\/pagead\/js\/adsbygoogle.js?client=ca-pub-8864793242727901\"\r\n     crossorigin=\"anonymous\"><\/script><br \/>\n<\/p>\n<div id=\"taboola-read-more\" style=\"display:block; width:100%\">\n<p>A recente sinaliza\u00e7\u00e3o dada pelo presidente do PP, Ciro Nogueira (PP-PI), de que o partido deveria se tornar oposi\u00e7\u00e3o mexeu com os \u00e2nimos do governo.\n<\/p>\n<p>\u00c0s v\u00e9speras de tomar posse na Secretaria de Rela\u00e7\u00f5es Institucionais, Gleisi Hoffmann (PT-PR) procurou lideran\u00e7as do partido em busca de pacificar a alian\u00e7a.<\/p>\n<p>A ideia \u00e9 conversar pessoalmente com o l\u00edder da bancada na C\u00e2mara, deputado Dr. Luizinho (PP-RJ), para entender as insatisfa\u00e7\u00f5es dos deputados.\n<\/p>\n<p>A bancada do PP tem 50 deputados e reclama que n\u00e3o tem sido atendida pelo governo em acordos fechados com o antecessor de Gleisi, o agora ministro da Sa\u00fade, Alexandre Padilha.\n<\/p>\n<p>\u00c0 interlocutores, o ministro do Esporte, Andr\u00e9 Fufuca (PP), tem reclamado que n\u00e3o possui or\u00e7amento para atender a bancada, apesar de pressionado.\n<\/p>\n<p>Soma-se a lista de reclama\u00e7\u00f5es, o tratamento dado ao ex-presidente da C\u00e2mara, Arthur Lira (PP-AL), que n\u00e3o teve um espa\u00e7o ofertado na Esplanada. A vaga ventilada para Lira era a da Agricultura, atualmente ocupada por Carlos Favaro, do PSD.\n<\/p>\n<p>Para aliados, Lira ajudaria a conter a rebeli\u00e3o do partido. Fora do governo, at\u00e9 mesmo petistas admitem o risco de Lira inflamar a oposi\u00e7\u00e3o.\n<\/p>\n<p><strong>Gleisi e o centr\u00e3o<\/strong><br \/>Nos pr\u00f3ximos dias, Gleisi Hoffmann vai fazer uma imers\u00e3o entre os partidos da base para entender as demandas pontuais de cada um e discuti-las com o presidente Lula. Ela deve buscar um nome de centro para a vaga de l\u00edder de governo.\n<\/p>\n<p>A nova ministra tem a miss\u00e3o de trabalhar para manter os partidos da base unidos em 2026, o que \u00e9 considerada uma tarefa quase imposs\u00edvel pelos dirigentes.\n<\/p>\n<p>Fonte: CNN Brasil              <\/p>\n<\/div>\n<p><br \/>\n<br \/><a href=\"https:\/\/diariodobrasilnoticias.com.br\/noticia\/governo-lula-se-desespera-com-a-iminencia-do-pp-sair-da-base-e-corre-atras-do-lider-para-tentar-reverter-saida-67cf6402731e5\">Source link <\/a><\/p>","protected":false},"excerpt":{"rendered":"<p>A recente sinaliza\u00e7\u00e3o dada pelo presidente do PP, Ciro Nogueira (PP-PI), de que o partido deveria se tornar oposi\u00e7\u00e3o mexeu com os \u00e2nimos do governo. \u00c0s v\u00e9speras de tomar posse&hellip;<\/p>","protected":false},"author":1,"featured_media":110021,"comment_status":"closed","ping_status":"open","sticky":false,"template":"","format":"standard","meta":{"content-type":"","footnotes":""},"categories":[16],"tags":[123,2448,5313,1267],"class_list":["post-110020","post","type-post","status-publish","format-standard","has-post-thumbnail","hentry","category-noticias","tag-brasil","tag-diario","tag-noticia","tag-noticias"],"_links":{"self":[{"href":"https:\/\/tvbrazilusa.com\/pt\/wp-json\/wp\/v2\/posts\/110020","targetHints":{"allow":["GET"]}}],"collection":[{"href":"https:\/\/tvbrazilusa.com\/pt\/wp-json\/wp\/v2\/posts"}],"about":[{"href":"https:\/\/tvbrazilusa.com\/pt\/wp-json\/wp\/v2\/types\/post"}],"author":[{"embeddable":true,"href":"https:\/\/tvbrazilusa.com\/pt\/wp-json\/wp\/v2\/users\/1"}],"replies":[{"embeddable":true,"href":"https:\/\/tvbrazilusa.com\/pt\/wp-json\/wp\/v2\/comments?post=110020"}],"version-history":[{"count":1,"href":"https:\/\/tvbrazilusa.com\/pt\/wp-json\/wp\/v2\/posts\/110020\/revisions"}],"predecessor-version":[{"id":110022,"href":"https:\/\/tvbrazilusa.com\/pt\/wp-json\/wp\/v2\/posts\/110020\/revisions\/110022"}],"wp:featuredmedia":[{"embeddable":true,"href":"https:\/\/tvbrazilusa.com\/pt\/wp-json\/wp\/v2\/media\/110021"}],"wp:attachment":[{"href":"https:\/\/tvbrazilusa.com\/pt\/wp-json\/wp\/v2\/media?parent=110020"}],"wp:term":[{"taxonomy":"category","embeddable":true,"href":"https:\/\/tvbrazilusa.com\/pt\/wp-json\/wp\/v2\/categories?post=110020"},{"taxonomy":"post_tag","embeddable":true,"href":"https:\/\/tvbrazilusa.com\/pt\/wp-json\/wp\/v2\/tags?post=110020"}],"curies":[{"name":"wp","href":"https:\/\/api.w.org\/{rel}","templated":true}]}}