{"id":110026,"date":"2025-03-11T01:41:36","date_gmt":"2025-03-11T01:41:36","guid":{"rendered":"https:\/\/tvbrazilusa.com\/2025\/03\/11\/tolerancia-zero-trump-diz-que-prisao-de-aluno-que-fez-protesto-contra-o-governo-a-favor-da-palestina-e-inadmissivel-e-nao-sera-caso-isolado-entenda\/"},"modified":"2025-03-11T01:41:38","modified_gmt":"2025-03-11T01:41:38","slug":"tolerancia-zero-trump-diz-que-prisao-de-aluno-que-fez-protesto-contra-o-governo-a-favor-da-palestina-e-inadmissivel-e-nao-sera-caso-isolado-entenda","status":"publish","type":"post","link":"https:\/\/tvbrazilusa.com\/pt\/2025\/03\/11\/tolerancia-zero-trump-diz-que-prisao-de-aluno-que-fez-protesto-contra-o-governo-a-favor-da-palestina-e-inadmissivel-e-nao-sera-caso-isolado-entenda\/","title":{"rendered":"Toler\u00e2ncia zero: Trump diz que pris\u00e3o de aluno que fez protesto contra o governo a favor da Palestina \u00e9 inadmiss\u00edvel e n\u00e3o ser\u00e1 caso isolado; entenda"},"content":{"rendered":"<p> <script async src=\"https:\/\/pagead2.googlesyndication.com\/pagead\/js\/adsbygoogle.js?client=ca-pub-8864793242727901\"\r\n     crossorigin=\"anonymous\"><\/script><br \/>\n<\/p>\n<div>\n<figure class=\"post-image\">\n<\/figure>\n<p>            <span style=\"font-size: 12px\">Foto: EFE\/EPA\/JIM LO SCALZO <\/span><\/p>\n<p>            <!-- end metas --><br \/>\n            <!-- ADS --><\/p>\n<div id=\"taboola-read-more\" style=\"display:block; width:100%\">\n<p>O presidente dos Estados Unidos, Donald Trump, disse nesta segunda-feira (10) que a pris\u00e3o de um estudante de p\u00f3s-gradua\u00e7\u00e3o palestino que ajudou a liderar protestos pr\u00f3-palestinos na Universidade Columbia de Nova York foi a \u201cprimeira de muitas\u201d.\n<\/p>\n<p>\u201cEsta \u00e9 a primeira pris\u00e3o de muitas que vir\u00e3o. Sabemos que h\u00e1 mais estudantes na Columbia e em outras universidades em todo o pa\u00eds que se envolveram em atividades pr\u00f3-terroristas, antissemitas e antiamericanas, e a administra\u00e7\u00e3o Trump n\u00e3o tolerar\u00e1 isso. Muitos n\u00e3o s\u00e3o estudantes, s\u00e3o agitadores pagos. Encontraremos, apreenderemos e deportaremos esses simpatizantes terroristas do nosso pa\u00eds \u2013 para nunca mais retornarem\u201d, escreveu Trump em uma publica\u00e7\u00e3o no Truth Social.<\/p>\n<p>Mahmoud Khalil foi preso na noite de s\u00e1bado (8) por autoridades federais de imigra\u00e7\u00e3o que disseram estar agindo sob uma ordem do Departamento de Estado para revogar seu green card, de acordo com seu advogado.\n<\/p>\n<p>Khalil estava na vanguarda do movimento antiguerra liderado por estudantes na Universidade de Columbia no ano passado. Ele estava entre os investigados por um novo comit\u00ea universit\u00e1rio que apresentou acusa\u00e7\u00f5es disciplinares contra dezenas de estudantes por seu ativismo pr\u00f3-palestino, de acordo com a Associated Press.\n<\/p>\n<p>Fonte: CNN Brasil              <\/p>\n<\/div>\n<p>                        <!-- Scripts para conteudo --><\/p>\n<p>            <!-- .\/Scripts para conteudo --><br \/>\n            <!-- .\/Mat\u00e9ria --><\/p>\n<div class=\"row mt-3\">\n<div class=\"col-sm-6\">\n                <!-- Whatsapp channel 3--><br \/>\n                <a href=\"https:\/\/chat.whatsapp.com\/B8Qy6Erx4kb6yTzj3kaDco\" target=\"_blank\"><br \/>\n                  <img decoding=\"async\" src=\"https:\/\/diariodobrasilnoticias.com.br\/assets-site\/images\/bot_whatsapp.png\"\/><\/a>\n              <\/div>\n<div class=\"col-sm-6\">\n                <a href=\"https:\/\/t.me\/+_4gTmi5LKo03OTM5\" target=\"_blank\"><br \/>\n                  <img decoding=\"async\" src=\"https:\/\/diariodobrasilnoticias.com.br\/assets-site\/images\/bot_telegram.png\"\/><\/a>\n              <\/div>\n<\/p><\/div>\n<p>            <!-- end post-navigation --><\/p>\n<p>              <!-- end row --><\/p>\n<p>              <!-- end col-12-->\n                      <\/div>\n<p><br \/>\n<br \/><a href=\"https:\/\/diariodobrasilnoticias.com.br\/noticia\/tolerancia-zero-trump-diz-que-prisao-de-aluno-que-fez-protesto-contra-o-governo-a-favor-da-palestina-e-inadmissivel-e-nao-sera-caso-isolado-entenda-67cf676bd0e25\">Source link <\/a><\/p>","protected":false},"excerpt":{"rendered":"<p>Foto: EFE\/EPA\/JIM LO SCALZO O presidente dos Estados Unidos, Donald Trump, disse nesta segunda-feira (10) que a pris\u00e3o de um estudante de p\u00f3s-gradua\u00e7\u00e3o palestino que ajudou a liderar protestos pr\u00f3-palestinos&hellip;<\/p>","protected":false},"author":1,"featured_media":110027,"comment_status":"closed","ping_status":"open","sticky":false,"template":"","format":"standard","meta":{"content-type":"","footnotes":""},"categories":[16],"tags":[123,2448,5313,1267],"class_list":["post-110026","post","type-post","status-publish","format-standard","has-post-thumbnail","hentry","category-noticias","tag-brasil","tag-diario","tag-noticia","tag-noticias"],"_links":{"self":[{"href":"https:\/\/tvbrazilusa.com\/pt\/wp-json\/wp\/v2\/posts\/110026","targetHints":{"allow":["GET"]}}],"collection":[{"href":"https:\/\/tvbrazilusa.com\/pt\/wp-json\/wp\/v2\/posts"}],"about":[{"href":"https:\/\/tvbrazilusa.com\/pt\/wp-json\/wp\/v2\/types\/post"}],"author":[{"embeddable":true,"href":"https:\/\/tvbrazilusa.com\/pt\/wp-json\/wp\/v2\/users\/1"}],"replies":[{"embeddable":true,"href":"https:\/\/tvbrazilusa.com\/pt\/wp-json\/wp\/v2\/comments?post=110026"}],"version-history":[{"count":1,"href":"https:\/\/tvbrazilusa.com\/pt\/wp-json\/wp\/v2\/posts\/110026\/revisions"}],"predecessor-version":[{"id":110028,"href":"https:\/\/tvbrazilusa.com\/pt\/wp-json\/wp\/v2\/posts\/110026\/revisions\/110028"}],"wp:featuredmedia":[{"embeddable":true,"href":"https:\/\/tvbrazilusa.com\/pt\/wp-json\/wp\/v2\/media\/110027"}],"wp:attachment":[{"href":"https:\/\/tvbrazilusa.com\/pt\/wp-json\/wp\/v2\/media?parent=110026"}],"wp:term":[{"taxonomy":"category","embeddable":true,"href":"https:\/\/tvbrazilusa.com\/pt\/wp-json\/wp\/v2\/categories?post=110026"},{"taxonomy":"post_tag","embeddable":true,"href":"https:\/\/tvbrazilusa.com\/pt\/wp-json\/wp\/v2\/tags?post=110026"}],"curies":[{"name":"wp","href":"https:\/\/api.w.org\/{rel}","templated":true}]}}