{"id":110032,"date":"2025-03-11T02:08:48","date_gmt":"2025-03-11T02:08:48","guid":{"rendered":"https:\/\/tvbrazilusa.com\/2025\/03\/11\/gleisi-foca-no-protagonismo-feminino-sem-mencionar-as-demissoes-de-mulheres\/"},"modified":"2025-03-11T02:08:50","modified_gmt":"2025-03-11T02:08:50","slug":"gleisi-foca-no-protagonismo-feminino-sem-mencionar-as-demissoes-de-mulheres","status":"publish","type":"post","link":"https:\/\/tvbrazilusa.com\/pt\/2025\/03\/11\/gleisi-foca-no-protagonismo-feminino-sem-mencionar-as-demissoes-de-mulheres\/","title":{"rendered":"Gleisi foca no &#8216;protagonismo feminino&#8217;, sem mencionar as demiss\u00f5es de mulheres"},"content":{"rendered":"<p> <script async src=\"https:\/\/pagead2.googlesyndication.com\/pagead\/js\/adsbygoogle.js?client=ca-pub-8864793242727901\"\r\n     crossorigin=\"anonymous\"><\/script><br \/>\n<\/p>\n<div id=\"taboola-read-more\" style=\"display:block; width:100%\">\n<p>O discurso de posse da petista Gleisi Hoffmann como a nova ministra das Rela\u00e7\u00f5es Institucionais (SRI), foi marcado por falas ideol\u00f3gicas. E mesmo em uma cerim\u00f4nia que contou com a presen\u00e7a da ex-ministra da Sa\u00fade, N\u00edsia Trindade \u2014 que foi demitida por Lula do cargo \u2014, falou em \u201cprotagonismo feminino\u201d.\n<\/p>\n<p>Ao prosseguir com seu discurso nesta segunda-feira, 10, Gleisi Hoffmann se disse \u201chonrada pela confian\u00e7a de Lula\u201d para assumir a Secretaria de Rela\u00e7\u00f5es Institucionais. Citou sua nomea\u00e7\u00e3o como \u201cprotagonismo feminino\u201d.<\/p>\n<p>\u201cQuero destacar mais esse aspecto rumo a o protagonismo feminino na vida pol\u00edtica, num pa\u00eds marcado por s\u00e9culos de patriarcado\u201d, falou. \u201cN\u00e3o \u00e9 trivial que um l\u00edder como Lula tenha usado lan\u00e7ar a primeira mulher presidenta da Rep\u00fablica, e tamb\u00e9m, a primeira presidenta do seu partido.\u201d\n<\/p>\n<p>A petista disse que os epis\u00f3dios s\u00e3o \u201cs\u00edmbolos fortes do compromisso com a mudan\u00e7a\u201d. \u201cFoi o presidente que mais nomeou mulheres para cargos de comando e posi\u00e7\u00f5es de poder na hist\u00f3ria do Brasil\u201d, acrescentou a ministra, sem relatar as demiss\u00f5es de mulheres do alto escal\u00e3o de Lula.\n<\/p>\n<p>Desde o in\u00edcio do governo, tr\u00eas mulheres foram demitidas do alto escal\u00e3o:\n<\/p>\n<p>Daniela Carneiro \u2014 Turismo;<br \/>Ana Moser \u2014 Esportes;<br \/>N\u00edsia Trindade \u2014 Sa\u00fade.<br \/>\u201cEu compartilho esse momento com todas as mulheres brasileiras, como um est\u00edmulo a toda a nossa luta contra a desigualdade, o preconceito e o machismo. Compartilho esse momento especialmente com a companheira Janja, que tem sido alvo de ataques mis\u00f3ginos, que atingem a todos n\u00f3s\u201d, destacou.\n<\/p>\n<p><strong>Gleisi homenageia Alexandre de Moraes<\/strong><br \/>Al\u00e9m de ter prestado \u201csolidariedade\u201d aos supostos ataques \u201cmis\u00f3ginos\u201d contra a primeira-dama Janja Lula da Silva, Gleisi falou em \u201ctrama golpista\u201d, homenageou a atua\u00e7\u00e3o do ministro Alexandre de Moraes, do Supremo Tribunal Federal (STF), e a equipe do filme Ainda Estou Aqui.\n<\/p>\n<p>A petista disse \u201cningu\u00e9m\u201d deveria se iludir com uma suposta queda do governo Lula: \u201cN\u00e3o chegamos at\u00e9 aqui, com a alian\u00e7a que constru\u00edmos, para dar errado\u201d. J\u00e1 superamos desafios muito mais dif\u00edceis e vencemos\u201d, declarou.\n<\/p>\n<p>A nova ministra disse que a \u201cdemocracia venceu\u201d no pa\u00eds a partir das elei\u00e7\u00f5es de 2022, assim como \u201cvenceu a trama golpista que culminaria nos atentados de 8 de janeiro de 2023\u201d.\n<\/p>\n<p>Ao citar a narrativa petista de suposta tentativa de golpe de Estado, afirmou que o epis\u00f3dio foi marcado pela \u201cfirme rea\u00e7\u00e3o das institui\u00e7\u00f5es\u201d. \u201cQuero aqui reconhecer o papel do ministro Alexandre de Moraes na defesa da democracia e, agora, pela soberania nacional\u201d, declarou.\n<\/p>\n<p>\u201cQuero homenagear Walter Salles J\u00fanior, Fernanda Torres e Selton Mello, e toda a equipe de Ainda Estou Aqui, por terem mostrado ao mundo o que significou a ditadura\u201d, continuou. \u201cA coragem e o sacrif\u00edcio dos que a enfrentaram.\u201d\n<\/p>\n<p>Fonte: Revista Oeste              <\/p>\n<\/div>\n<p><br \/>\n<br \/><a href=\"https:\/\/diariodobrasilnoticias.com.br\/noticia\/gleisi-foca-no-protagonismo-feminino-sem-mencionar-as-demissoes-de-mulheres-67cf5d44235ff\">Source link <\/a><\/p>","protected":false},"excerpt":{"rendered":"<p>O discurso de posse da petista Gleisi Hoffmann como a nova ministra das Rela\u00e7\u00f5es Institucionais (SRI), foi marcado por falas ideol\u00f3gicas. E mesmo em uma cerim\u00f4nia que contou com a&hellip;<\/p>","protected":false},"author":1,"featured_media":110033,"comment_status":"closed","ping_status":"open","sticky":false,"template":"","format":"standard","meta":{"content-type":"","footnotes":""},"categories":[16],"tags":[123,2448,5313,1267],"class_list":["post-110032","post","type-post","status-publish","format-standard","has-post-thumbnail","hentry","category-noticias","tag-brasil","tag-diario","tag-noticia","tag-noticias"],"_links":{"self":[{"href":"https:\/\/tvbrazilusa.com\/pt\/wp-json\/wp\/v2\/posts\/110032","targetHints":{"allow":["GET"]}}],"collection":[{"href":"https:\/\/tvbrazilusa.com\/pt\/wp-json\/wp\/v2\/posts"}],"about":[{"href":"https:\/\/tvbrazilusa.com\/pt\/wp-json\/wp\/v2\/types\/post"}],"author":[{"embeddable":true,"href":"https:\/\/tvbrazilusa.com\/pt\/wp-json\/wp\/v2\/users\/1"}],"replies":[{"embeddable":true,"href":"https:\/\/tvbrazilusa.com\/pt\/wp-json\/wp\/v2\/comments?post=110032"}],"version-history":[{"count":1,"href":"https:\/\/tvbrazilusa.com\/pt\/wp-json\/wp\/v2\/posts\/110032\/revisions"}],"predecessor-version":[{"id":110034,"href":"https:\/\/tvbrazilusa.com\/pt\/wp-json\/wp\/v2\/posts\/110032\/revisions\/110034"}],"wp:featuredmedia":[{"embeddable":true,"href":"https:\/\/tvbrazilusa.com\/pt\/wp-json\/wp\/v2\/media\/110033"}],"wp:attachment":[{"href":"https:\/\/tvbrazilusa.com\/pt\/wp-json\/wp\/v2\/media?parent=110032"}],"wp:term":[{"taxonomy":"category","embeddable":true,"href":"https:\/\/tvbrazilusa.com\/pt\/wp-json\/wp\/v2\/categories?post=110032"},{"taxonomy":"post_tag","embeddable":true,"href":"https:\/\/tvbrazilusa.com\/pt\/wp-json\/wp\/v2\/tags?post=110032"}],"curies":[{"name":"wp","href":"https:\/\/api.w.org\/{rel}","templated":true}]}}