{"id":110040,"date":"2025-03-11T02:37:31","date_gmt":"2025-03-11T02:37:31","guid":{"rendered":"https:\/\/tvbrazilusa.com\/2025\/03\/11\/lula-ignora-pelo-menos-7-dos-seus-38-ministros\/"},"modified":"2025-03-11T02:37:32","modified_gmt":"2025-03-11T02:37:32","slug":"lula-ignora-pelo-menos-7-dos-seus-38-ministros","status":"publish","type":"post","link":"https:\/\/tvbrazilusa.com\/pt\/2025\/03\/11\/lula-ignora-pelo-menos-7-dos-seus-38-ministros\/","title":{"rendered":"Lula &#8216;ignora&#8217; pelo menos 7 dos seus 38 ministros"},"content":{"rendered":"<p> <script async src=\"https:\/\/pagead2.googlesyndication.com\/pagead\/js\/adsbygoogle.js?client=ca-pub-8864793242727901\"\r\n     crossorigin=\"anonymous\"><\/script><br \/>\n<\/p>\n<div id=\"taboola-read-more\" style=\"display:block; width:100%\">\n<p>Se o contato direto com o chefe do Executivo \u00e9 sinal de prest\u00edgio, pelo menos 7 dos 38 ministros do presidente Lula da Silva andam em baixa. Afinal, eles n\u00e3o sabem o que \u00e9 conversar com o petista h\u00e1 mais de 100 dias.\n<\/p>\n<p>Com a reforma ministerial em andamento, alguns l\u00edderes do primeiro escal\u00e3o j\u00e1 reclamam da falta de aten\u00e7\u00e3o do presidente. As cr\u00edticas ao suposto isolamento do petista n\u00e3o s\u00e3o novas, com uma ala de pol\u00edticos culpando claramente a primeira-dama Janja da Silva pelo afastamento.<\/p>\n<p><strong>H\u00e1 quase um ano, Lula n\u00e3o fala com o chefe do GSI <\/strong><br \/>Conforme levantamento do site Poder360, considerando o per\u00edodo de 1\u00ba de janeiro de 2023 a 7 de mar\u00e7o de 2025, a ministra dos Direitos Humanos, Maca\u00e9 Evaristo, por exemplo, nunca teve uma \u00fanica audi\u00eancia privada com Lula. Seu antecessor, Silvio Almeida, demitido em 6 de setembro de 2024, foi recebido 6 vezes no tempo em que foi ministro.\n<\/p>\n<p>O recorde de desaten\u00e7\u00e3o, no entanto, \u00e9 do General Amaro (Gabinete de Seguran\u00e7a Institucional) que, segundo a agenda oficial, n\u00e3o conversa com Lula pessoalmente h\u00e1 mais de 322 dias. Da mesma forma, o levantamento mostra quem foram os ministros que mais estiveram com o presidente petista.\n<\/p>\n<p>Na lista aparecem Fernando Haddad (Fazenda), Rui Costa (Casa Civil) e Alexandre Padilha (Rela\u00e7\u00f5es Institucionais). O ranking, de certa maneira, reflete a preocupa\u00e7\u00e3o do governo com \u00e1reas-chave da sua gest\u00e3o, no caso, economia e articula\u00e7\u00e3o pol\u00edtica com a Esplanada, assim como com o Congresso.\n<\/p>\n<p>O quadro de relativa indiferen\u00e7a do presidente com os seus pr\u00f3prios auxiliares mais diretos explica as manifesta\u00e7\u00f5es descontentes e frequentes de v\u00e1rios congressistas. O distanciamento de Lula, ali\u00e1s, recebe cr\u00edticas dentro da base governista. Ao todo, neste seu terceiro mandato, Lula recebeu pouco mais de 100 deputados e senadores para reuni\u00f5es.\n<\/p>\n<p><strong>Crise de imagem coloca marqueteiro em alta<\/strong><br \/>Dos que conseguiram estar com o petista, a maioria \u00e9 formada pelos l\u00edderes governistas, por apoiadores pr\u00f3ximos a Lula, ou gente do PT no Congresso. H\u00e1 quem acredite que a ida de Gleisi Hoffmann (PT) para as Rela\u00e7\u00f5es Institucionais pode isolar ainda mais o presidente.\n<\/p>\n<p>Neste ano de 2025, Sid\u00f4nio Palmeira (Secretaria de Comunica\u00e7\u00e3o) foi o ministro que mais teve encontros privados com o petista, com 23 at\u00e9 o momento. O n\u00famero \u00e9 um retrato do esfor\u00e7o do governo federal em reverter a queda de popularidade de Lula, que pela 1\u00aa vez no mandato, registrou desaprova\u00e7\u00e3o maior que 50%.\n<\/p>\n<p>Fonte: Revista Oeste              <\/p>\n<\/div>\n<p><br \/>\n<br \/><a href=\"https:\/\/diariodobrasilnoticias.com.br\/noticia\/lula-ignora-pelo-menos-7-dos-seus-38-ministros-67cf76cef041a\">Source link <\/a><\/p>","protected":false},"excerpt":{"rendered":"<p>Se o contato direto com o chefe do Executivo \u00e9 sinal de prest\u00edgio, pelo menos 7 dos 38 ministros do presidente Lula da Silva andam em baixa. Afinal, eles n\u00e3o&hellip;<\/p>","protected":false},"author":1,"featured_media":110041,"comment_status":"closed","ping_status":"open","sticky":false,"template":"","format":"standard","meta":{"content-type":"","footnotes":""},"categories":[16],"tags":[123,2448,5313,1267],"class_list":["post-110040","post","type-post","status-publish","format-standard","has-post-thumbnail","hentry","category-noticias","tag-brasil","tag-diario","tag-noticia","tag-noticias"],"_links":{"self":[{"href":"https:\/\/tvbrazilusa.com\/pt\/wp-json\/wp\/v2\/posts\/110040","targetHints":{"allow":["GET"]}}],"collection":[{"href":"https:\/\/tvbrazilusa.com\/pt\/wp-json\/wp\/v2\/posts"}],"about":[{"href":"https:\/\/tvbrazilusa.com\/pt\/wp-json\/wp\/v2\/types\/post"}],"author":[{"embeddable":true,"href":"https:\/\/tvbrazilusa.com\/pt\/wp-json\/wp\/v2\/users\/1"}],"replies":[{"embeddable":true,"href":"https:\/\/tvbrazilusa.com\/pt\/wp-json\/wp\/v2\/comments?post=110040"}],"version-history":[{"count":1,"href":"https:\/\/tvbrazilusa.com\/pt\/wp-json\/wp\/v2\/posts\/110040\/revisions"}],"predecessor-version":[{"id":110042,"href":"https:\/\/tvbrazilusa.com\/pt\/wp-json\/wp\/v2\/posts\/110040\/revisions\/110042"}],"wp:featuredmedia":[{"embeddable":true,"href":"https:\/\/tvbrazilusa.com\/pt\/wp-json\/wp\/v2\/media\/110041"}],"wp:attachment":[{"href":"https:\/\/tvbrazilusa.com\/pt\/wp-json\/wp\/v2\/media?parent=110040"}],"wp:term":[{"taxonomy":"category","embeddable":true,"href":"https:\/\/tvbrazilusa.com\/pt\/wp-json\/wp\/v2\/categories?post=110040"},{"taxonomy":"post_tag","embeddable":true,"href":"https:\/\/tvbrazilusa.com\/pt\/wp-json\/wp\/v2\/tags?post=110040"}],"curies":[{"name":"wp","href":"https:\/\/api.w.org\/{rel}","templated":true}]}}