{"id":110043,"date":"2025-03-11T02:34:23","date_gmt":"2025-03-11T02:34:23","guid":{"rendered":"https:\/\/tvbrazilusa.com\/2025\/03\/11\/o-uconn-nao-garante-mais-moradia-para-o-supperclassmen\/"},"modified":"2025-03-11T02:45:05","modified_gmt":"2025-03-11T02:45:05","slug":"o-uconn-nao-garante-mais-moradia-para-o-supperclassmen","status":"publish","type":"post","link":"https:\/\/tvbrazilusa.com\/pt\/2025\/03\/11\/o-uconn-nao-garante-mais-moradia-para-o-supperclassmen\/","title":{"rendered":"O UConn n\u00e3o garante mais moradia para o Supperclassmen"},"content":{"rendered":"<script async src=\"https:\/\/pagead2.googlesyndication.com\/pagead\/js\/adsbygoogle.js?client=ca-pub-8864793242727901\"\r\n     crossorigin=\"anonymous\"><\/script>\n<p>Storrs, Connecticut (WTNH) &#8211; O processo habitacional se tornou um aborrecimento para alguns alunos da UConn.<\/p>\n<p>Isso ocorre quando a universidade parou de garantir moradias residenciais para os alunos do segundo ano, juniores e idosos.<\/p>\n<p>Os alunos disseram ao News 8 que essas mudan\u00e7as n\u00e3o se alinham com o que lhe disseram quando chegaram \u00e0 escola. <\/p>\n<p>&#8220;Eles anunciaram moradias garantidas quando se inscrevermos e agora s\u00e3o como se n\u00e3o possamos realmente garantir mais tanta moradia porque continuamos admitindo&#8221;, disse Marco Dias, um estudante da UConn. <\/p>\n<p>Em um comunicado, a porta-voz da UConn, Stephanie Reitz, disse: &#8220;Reconhecemos que o aumento da inscri\u00e7\u00e3o se traduz em aumento da necessidade de servi\u00e7os dos alunos, incluindo op\u00e7\u00f5es de moradia no campus, e continuamos a se concentrar em maneiras de maximizar a disponibilidade sem comprometer a qualidade&#8221;.<\/p>\n<p>Orlando Martinez, um estudante do segundo ano da UConn, acredita que h\u00e1 um benef\u00edcio em permitir que mais estudantes entrem na universidade, mas v\u00ea a habita\u00e7\u00e3o como um problema.<\/p>\n<p>&#8220;Voc\u00ea precisa ter a capacidade de moradia para esses estudantes, e acho que \u00e9 a\u00ed que est\u00e1 o problema&#8221;, disse Martinez.  <\/p>\n<p>Alguns estudantes disseram que essa mudan\u00e7a tamb\u00e9m afeta os alunos e seus pais que os ajudam financeiramente. <\/p>\n<p>Mas a escola afirmou que est\u00e1 trabalhando para encontrar solu\u00e7\u00f5es para a alta demanda de moradia. <\/p>\n<p>A Universidade disse que os desenvolvimentos privados perto do campus de Storrs devem abrir em breve. <\/p>\n<p>Isso inclui o padr\u00e3o em quatro cantos, que ter\u00e3o cerca de 400 apartamentos dispon\u00edveis para loca\u00e7\u00e3o para o semestre do outono de 2025. <\/p>\n<p>A UConn disse que tamb\u00e9m est\u00e1 aumentando o n\u00famero de camas fora do campus, arrendando para o uso dos alunos nas proximidades dos Oaks no complexo de apartamentos da Square, no centro de Storrs, o que adicionar\u00e1 mais de 600 camas em apoio ao crescimento de matr\u00edculas.<\/p>\n<p>De acordo com Reitz, este projeto e alguns outros no oleoduto regulat\u00f3rio da cidade local aumentar\u00e3o as op\u00e7\u00f5es dispon\u00edveis para os alunos da UConn, \u00e0 medida que decidem se desejam morar no campus ou comutar.<\/p>\n<p><br \/>\n<br \/><a href=\"https:\/\/www.wtnh.com\/news\/connecticut\/tolland\/uconn-no-longer-guarantees-housing-for-upperclassmen\/\">Source link <\/a><\/p>","protected":false},"excerpt":{"rendered":"<p>Storrs, Connecticut (WTNH) &#8211; O processo habitacional se tornou um aborrecimento para alguns alunos da UConn. Isso ocorre quando a universidade parou de garantir moradias residenciais para os alunos do&hellip;<\/p>","protected":false},"author":1,"featured_media":110044,"comment_status":"closed","ping_status":"open","sticky":false,"template":"","format":"standard","meta":{"content-type":"","footnotes":""},"categories":[1],"tags":[],"class_list":["post-110043","post","type-post","status-publish","format-standard","has-post-thumbnail","hentry","category-uncategorized"],"_links":{"self":[{"href":"https:\/\/tvbrazilusa.com\/pt\/wp-json\/wp\/v2\/posts\/110043","targetHints":{"allow":["GET"]}}],"collection":[{"href":"https:\/\/tvbrazilusa.com\/pt\/wp-json\/wp\/v2\/posts"}],"about":[{"href":"https:\/\/tvbrazilusa.com\/pt\/wp-json\/wp\/v2\/types\/post"}],"author":[{"embeddable":true,"href":"https:\/\/tvbrazilusa.com\/pt\/wp-json\/wp\/v2\/users\/1"}],"replies":[{"embeddable":true,"href":"https:\/\/tvbrazilusa.com\/pt\/wp-json\/wp\/v2\/comments?post=110043"}],"version-history":[{"count":1,"href":"https:\/\/tvbrazilusa.com\/pt\/wp-json\/wp\/v2\/posts\/110043\/revisions"}],"predecessor-version":[{"id":110045,"href":"https:\/\/tvbrazilusa.com\/pt\/wp-json\/wp\/v2\/posts\/110043\/revisions\/110045"}],"wp:featuredmedia":[{"embeddable":true,"href":"https:\/\/tvbrazilusa.com\/pt\/wp-json\/wp\/v2\/media\/110044"}],"wp:attachment":[{"href":"https:\/\/tvbrazilusa.com\/pt\/wp-json\/wp\/v2\/media?parent=110043"}],"wp:term":[{"taxonomy":"category","embeddable":true,"href":"https:\/\/tvbrazilusa.com\/pt\/wp-json\/wp\/v2\/categories?post=110043"},{"taxonomy":"post_tag","embeddable":true,"href":"https:\/\/tvbrazilusa.com\/pt\/wp-json\/wp\/v2\/tags?post=110043"}],"curies":[{"name":"wp","href":"https:\/\/api.w.org\/{rel}","templated":true}]}}