{"id":110051,"date":"2025-03-11T10:03:02","date_gmt":"2025-03-11T10:03:02","guid":{"rendered":"https:\/\/tvbrazilusa.com\/2025\/03\/11\/bolsonaro-contesta-decisao-que-nega-impedimento-de-zanin-e-dino\/"},"modified":"2025-03-11T10:03:08","modified_gmt":"2025-03-11T10:03:08","slug":"bolsonaro-contesta-decisao-que-nega-impedimento-de-zanin-e-dino","status":"publish","type":"post","link":"https:\/\/tvbrazilusa.com\/pt\/2025\/03\/11\/bolsonaro-contesta-decisao-que-nega-impedimento-de-zanin-e-dino\/","title":{"rendered":"Bolsonaro contesta decis\u00e3o que nega impedimento de Zanin e Dino"},"content":{"rendered":"<p> <script async src=\"https:\/\/pagead2.googlesyndication.com\/pagead\/js\/adsbygoogle.js?client=ca-pub-8864793242727901\"\r\n     crossorigin=\"anonymous\"><\/script><br \/>\n<\/p>\n<div id=\"taboola-read-more\" style=\"display:block; width:100%\">\n<p>A defesa do ex-presidente Jair Bolsonaro (PL) recorreu nesta 2\u00aa feira (10.mar.2025) da decis\u00e3o que negou os pedidos para declarar os ministros do STF (Supremo Tribunal Federal) Fl\u00e1vio Dino e Cristiano Zanin impedidos de julgar a den\u00fancia sobre a trama golpista.\n<\/p>\n<p>No recurso, os advogados de Bolsonaro pedem que o caso seja julgado pelo plen\u00e1rio da Corte, colegiado formado pelos 11 ministros, entre os quais, Andr\u00e9 Mendon\u00e7a e Nunes Marques, nomeados para a Corte durante o governo Bolsonaro.<\/p>\n<p>No m\u00eas passado, o pedido para afastar Dino e Zanin do julgamento foi rejeitado pelo presidente do STF, ministro Lu\u00eds Roberto Barroso, que entendeu que as situa\u00e7\u00f5es citadas pela defesa de Bolsonaro n\u00e3o s\u00e3o impedimentos legais contra a atua\u00e7\u00e3o dos ministros.\n<\/p>\n<p>A defesa do ex-presidente alega que Fl\u00e1vio Dino entrou com uma queixa-crime contra Bolsonaro quando ocupou o cargo de ministro da Justi\u00e7a e Seguran\u00e7a P\u00fablica nos primeiros meses do governo do presidente Luiz In\u00e1cio Lula da Silva (PT).\n<\/p>\n<p>No caso de Zanin, a defesa do ex-presidente diz que, antes de chegar \u00e0 Corte, o ministro foi advogado da campanha de Lula e entrou com a\u00e7\u00f5es contra a chapa de Bolsonaro nas elei\u00e7\u00f5es de 2022.\n<\/p>\n<p><strong>Julgamento<\/strong>\n<\/p>\n<p>No mesmo recurso, a defesa de Bolsonaro pede que seja suscitada uma quest\u00e3o de ordem para que o plen\u00e1rio da Corte decida se deve julgar o caso. As a\u00e7\u00f5es de impedimento foram direcionadas a Fl\u00e1vio Dino e Cristiano Zanin porque eles fazem parte da 1\u00aa Turma do Supremo, colegiado que vai julgar a den\u00fancia contra Bolsonaro.\n<\/p>\n<p>A turma \u00e9 composta pelo relator, Alexandre de Moraes, e os ministros Fl\u00e1vio Dino, Cristiano Zanin, C\u00e1rmen L\u00facia e Luiz Fux. Pelo regimento interno da Corte, cabe \u00e0s 2 turmas do tribunal julgar a\u00e7\u00f5es penais. Como o relator faz parte da 1\u00aa Turma, a acusa\u00e7\u00e3o ser\u00e1 julgada pelo colegiado.\n<\/p>\n<p>Se a maioria dos ministros aceitar a den\u00fancia, Bolsonaro e os outros acusados virar\u00e3o r\u00e9us e passam a responder a uma a\u00e7\u00e3o penal no STF.\n<\/p>\n<p>A data do julgamento ainda n\u00e3o foi definida. Considerando os tr\u00e2mites legais, o caso pode ser julgado ainda neste primeiro semestre de 2025.\n<\/p>\n<p><strong>Poder 360<\/strong>              <\/p>\n<\/div>\n<p><br \/>\n<br \/><a href=\"https:\/\/diariodobrasilnoticias.com.br\/noticia\/bolsonaro-contesta-decisao-que-nega-impedimento-de-zanin-e-dino-67d009c108ef2\">Source link <\/a><\/p>","protected":false},"excerpt":{"rendered":"<p>A defesa do ex-presidente Jair Bolsonaro (PL) recorreu nesta 2\u00aa feira (10.mar.2025) da decis\u00e3o que negou os pedidos para declarar os ministros do STF (Supremo Tribunal Federal) Fl\u00e1vio Dino e&hellip;<\/p>","protected":false},"author":1,"featured_media":110052,"comment_status":"closed","ping_status":"open","sticky":false,"template":"","format":"standard","meta":{"content-type":"","footnotes":""},"categories":[16],"tags":[123,2448,5313,1267],"class_list":["post-110051","post","type-post","status-publish","format-standard","has-post-thumbnail","hentry","category-noticias","tag-brasil","tag-diario","tag-noticia","tag-noticias"],"_links":{"self":[{"href":"https:\/\/tvbrazilusa.com\/pt\/wp-json\/wp\/v2\/posts\/110051","targetHints":{"allow":["GET"]}}],"collection":[{"href":"https:\/\/tvbrazilusa.com\/pt\/wp-json\/wp\/v2\/posts"}],"about":[{"href":"https:\/\/tvbrazilusa.com\/pt\/wp-json\/wp\/v2\/types\/post"}],"author":[{"embeddable":true,"href":"https:\/\/tvbrazilusa.com\/pt\/wp-json\/wp\/v2\/users\/1"}],"replies":[{"embeddable":true,"href":"https:\/\/tvbrazilusa.com\/pt\/wp-json\/wp\/v2\/comments?post=110051"}],"version-history":[{"count":1,"href":"https:\/\/tvbrazilusa.com\/pt\/wp-json\/wp\/v2\/posts\/110051\/revisions"}],"predecessor-version":[{"id":110053,"href":"https:\/\/tvbrazilusa.com\/pt\/wp-json\/wp\/v2\/posts\/110051\/revisions\/110053"}],"wp:featuredmedia":[{"embeddable":true,"href":"https:\/\/tvbrazilusa.com\/pt\/wp-json\/wp\/v2\/media\/110052"}],"wp:attachment":[{"href":"https:\/\/tvbrazilusa.com\/pt\/wp-json\/wp\/v2\/media?parent=110051"}],"wp:term":[{"taxonomy":"category","embeddable":true,"href":"https:\/\/tvbrazilusa.com\/pt\/wp-json\/wp\/v2\/categories?post=110051"},{"taxonomy":"post_tag","embeddable":true,"href":"https:\/\/tvbrazilusa.com\/pt\/wp-json\/wp\/v2\/tags?post=110051"}],"curies":[{"name":"wp","href":"https:\/\/api.w.org\/{rel}","templated":true}]}}