{"id":110057,"date":"2025-03-11T10:29:11","date_gmt":"2025-03-11T10:29:11","guid":{"rendered":"https:\/\/tvbrazilusa.com\/2025\/03\/11\/tesoureira-do-pt-desafia-lula-durante-reuniao-na-casa-de-gleisi\/"},"modified":"2025-03-11T10:29:12","modified_gmt":"2025-03-11T10:29:12","slug":"tesoureira-do-pt-desafia-lula-durante-reuniao-na-casa-de-gleisi","status":"publish","type":"post","link":"https:\/\/tvbrazilusa.com\/pt\/2025\/03\/11\/tesoureira-do-pt-desafia-lula-durante-reuniao-na-casa-de-gleisi\/","title":{"rendered":"Tesoureira do PT desafia Lula durante reuni\u00e3o na casa de Gleisi"},"content":{"rendered":"<p> <script async src=\"https:\/\/pagead2.googlesyndication.com\/pagead\/js\/adsbygoogle.js?client=ca-pub-8864793242727901\"\r\n     crossorigin=\"anonymous\"><\/script><br \/>\n<\/p>\n<div id=\"taboola-read-more\" style=\"display:block; width:100%\">\n<p>Em uma reuni\u00e3o no apartamento de Gleisi Hoffmann na semana passada, o presidente Lula foi confrontado por lideran\u00e7as do PT em rela\u00e7\u00e3o \u00e0 pr\u00f3xima disputa pelo comando do partido.\n<\/p>\n<p>Uma das falas mais incisivas, segundo apurou a coluna do Igor Gadelha, com ao menos tr\u00eas fontes da legenda, partiu da atual tesoureira nacional do PT, Gleide Andrade, que \u00e9 aliada de Gleisi Hoffman.<\/p>\n<p>Segundo relatos, em tom incisivo, a tesoureira questionou se Lula iria mesmo apoiar para a presid\u00eancia do PT um petista advers\u00e1rio de uma ministra rec\u00e9m indicada pelo presidente.\n<\/p>\n<p>A tesoureira se referia ao ex-prefeito de Araraquara (SP) Edinho Silva, nome apoiado por Lula ao comando do PT, e a Gleisi Hoffmann, empossada como nova ministra das Rela\u00e7\u00f5es Institucionais.\n<\/p>\n<p>Apesar de fazer parte da mesma corrente de Edinho no PT, a Construindo um Novo Brasil (CNB), Gleide tem atuado contra a candidatura do ex-prefeito na elei\u00e7\u00e3o marcada para julho.\n<\/p>\n<p>Segundo aliados da tesoureira, ela e seu grupo dentro da legenda, do qual Gleisi Hoffmann faz parte, divergem de algumas ideias defendidas por Edinho, como levar o PT mais para o centro.\n<\/p>\n<p>J\u00e1 aliados de Edinho dizem que Gleide age contra o ex-prefeito porque n\u00e3o quer deixar o cargo de tesoureira. Caso assuma a presid\u00eancia do PT, Edinho j\u00e1 avisou que deve tirar a colega da fun\u00e7\u00e3o.\n<\/p>\n<p><strong>Encontro no apartamento de Gleisi<\/strong>\n<\/p>\n<p>A reuni\u00e3o no apartamento de Gleisi em Bras\u00edlia ocorreu na quinta-feira (6\/3) e n\u00e3o foi registrada na agenda de Lula. O petista foi levado ao encontro pelo presidente do Instituto Lula, Paulo Okamotto.\n<\/p>\n<p>Segundo aliados, Lula foi \u00e0 reuni\u00e3o acreditando que se trataria de uma conversa de pacifica\u00e7\u00e3o em torno do nome de Edinho. Ao chegar ao local, contudo, se deparou com duras cr\u00edticas ao ex-prefeito.\n<\/p>\n<p>Apesar das cr\u00edticas a Edinho, Lula mais ouviu do que falou durante a reuni\u00e3o, segundo relatos. O presidente deve se reunir com outras lideran\u00e7as do PT para falar sobre o tema nos pr\u00f3ximos dias.\n<\/p>\n<p>Uma delas \u00e9 o deputado federal Rui Falc\u00e3o (PT-SP), que presidiu o partido por seis anos, entre 2011 e 2017. Segundo fontes do Pal\u00e1cio do Planalto, Lula deve ter uma conversa com Rui ainda nesta semana.\n<\/p>\n<p><strong>Metr\u00f3poles<\/strong>              <\/p>\n<\/div>\n<p><br \/>\n<br \/><a href=\"https:\/\/diariodobrasilnoticias.com.br\/noticia\/tesoureira-do-pt-desafia-lula-durante-reuniao-na-casa-de-gleisi-67d00ac95a238\">Source link <\/a><\/p>","protected":false},"excerpt":{"rendered":"<p>Em uma reuni\u00e3o no apartamento de Gleisi Hoffmann na semana passada, o presidente Lula foi confrontado por lideran\u00e7as do PT em rela\u00e7\u00e3o \u00e0 pr\u00f3xima disputa pelo comando do partido. Uma&hellip;<\/p>","protected":false},"author":1,"featured_media":110058,"comment_status":"closed","ping_status":"open","sticky":false,"template":"","format":"standard","meta":{"content-type":"","footnotes":""},"categories":[16],"tags":[123,2448,5313,1267],"class_list":["post-110057","post","type-post","status-publish","format-standard","has-post-thumbnail","hentry","category-noticias","tag-brasil","tag-diario","tag-noticia","tag-noticias"],"_links":{"self":[{"href":"https:\/\/tvbrazilusa.com\/pt\/wp-json\/wp\/v2\/posts\/110057","targetHints":{"allow":["GET"]}}],"collection":[{"href":"https:\/\/tvbrazilusa.com\/pt\/wp-json\/wp\/v2\/posts"}],"about":[{"href":"https:\/\/tvbrazilusa.com\/pt\/wp-json\/wp\/v2\/types\/post"}],"author":[{"embeddable":true,"href":"https:\/\/tvbrazilusa.com\/pt\/wp-json\/wp\/v2\/users\/1"}],"replies":[{"embeddable":true,"href":"https:\/\/tvbrazilusa.com\/pt\/wp-json\/wp\/v2\/comments?post=110057"}],"version-history":[{"count":1,"href":"https:\/\/tvbrazilusa.com\/pt\/wp-json\/wp\/v2\/posts\/110057\/revisions"}],"predecessor-version":[{"id":110059,"href":"https:\/\/tvbrazilusa.com\/pt\/wp-json\/wp\/v2\/posts\/110057\/revisions\/110059"}],"wp:featuredmedia":[{"embeddable":true,"href":"https:\/\/tvbrazilusa.com\/pt\/wp-json\/wp\/v2\/media\/110058"}],"wp:attachment":[{"href":"https:\/\/tvbrazilusa.com\/pt\/wp-json\/wp\/v2\/media?parent=110057"}],"wp:term":[{"taxonomy":"category","embeddable":true,"href":"https:\/\/tvbrazilusa.com\/pt\/wp-json\/wp\/v2\/categories?post=110057"},{"taxonomy":"post_tag","embeddable":true,"href":"https:\/\/tvbrazilusa.com\/pt\/wp-json\/wp\/v2\/tags?post=110057"}],"curies":[{"name":"wp","href":"https:\/\/api.w.org\/{rel}","templated":true}]}}