{"id":110060,"date":"2025-03-11T10:45:19","date_gmt":"2025-03-11T10:45:19","guid":{"rendered":"https:\/\/tvbrazilusa.com\/2025\/03\/11\/stf-condena-mais-63-reus-pelo-8-de-janeiro-numero-de-sentenciados-vai-a-480\/"},"modified":"2025-03-11T10:45:21","modified_gmt":"2025-03-11T10:45:21","slug":"stf-condena-mais-63-reus-pelo-8-de-janeiro-numero-de-sentenciados-vai-a-480","status":"publish","type":"post","link":"https:\/\/tvbrazilusa.com\/pt\/2025\/03\/11\/stf-condena-mais-63-reus-pelo-8-de-janeiro-numero-de-sentenciados-vai-a-480\/","title":{"rendered":"STF condena mais 63 r\u00e9us pelo 8 de janeiro; n\u00famero de sentenciados vai a 480"},"content":{"rendered":"<p> <script async src=\"https:\/\/pagead2.googlesyndication.com\/pagead\/js\/adsbygoogle.js?client=ca-pub-8864793242727901\"\r\n     crossorigin=\"anonymous\"><\/script><br \/>\n<\/p>\n<div id=\"taboola-read-more\" style=\"display:block; width:100%\">\n<p>O Supremo Tribunal Federal (STF) condenou mais 63 r\u00e9us pelas manifesta\u00e7\u00f5es de 8 de janeiro de 2023. Com isso, vai a 480 o n\u00famero de pessoas que receberam uma senten\u00e7a em decorr\u00eancia de atos nas sedes dos Tr\u00eas Poderes, em Bras\u00edlia. O STF proferiu as novas decis\u00f5es em sess\u00e3o no dia 28 de fevereiro.\n<\/p>\n<p>Dessas a\u00e7\u00f5es, 47 foram para a an\u00e1lise em plen\u00e1rio e 16 para julgamento na 1\u00aa Turma. As penas variam de um ano de deten\u00e7\u00e3o, substitu\u00eddo por medidas alternativas, a 17 de pris\u00e3o. No total, as manifesta\u00e7\u00f5es resultaram em den\u00fancias contra 1.687 envolvidos.<\/p>\n<p>Neste ano, foram 109 condena\u00e7\u00f5es nas sess\u00f5es de fevereiro. H\u00e1 mais uma a\u00e7\u00e3o penal em julgamento com conclus\u00e3o prevista para esta ter\u00e7a-feira (11). Cada r\u00e9u \u00e9 julgado individualmente pelo STF.\n<\/p>\n<p>Todos os julgamentos ocorreram em plen\u00e1rio virtual. As sess\u00f5es foram de 1\u00ba a 28 de fevereiro em ambiente remoto. Dessa forma, os ministros votam livres de discuss\u00e3o entre eles sobre os temas em an\u00e1lise.\n<\/p>\n<p>Durante o m\u00eas, a Corte tamb\u00e9m homologou um Acordo de N\u00e3o Persecu\u00e7\u00e3o Penal firmado com duas pessoas que respondiam pela acusa\u00e7\u00e3o de crimes de associa\u00e7\u00e3o criminosa.\n<\/p>\n<p>Das condena\u00e7\u00f5es que a 1\u00aa Turma imp\u00f4s, nove foram por crimes mais graves. Assim, os condenados receberam penas de 14 a 17 anos. Eles tamb\u00e9m dever\u00e3o pagar indeniza\u00e7\u00e3o principalmente por danos morais coletivos de, no m\u00ednimo, R$ 30 milh\u00f5es.\n<\/p>\n<p><strong>Penas incluem curso sobre democracia<\/strong>\n<\/p>\n<p>O valor corresponde aos preju\u00edzos materiais, assim como danos a bens culturais e hist\u00f3ricos. A quantia dever\u00e1 ser dividida por todos os condenados. Aqueles com penas mais brandas dever\u00e3o cumprir 225 horas de servi\u00e7o comunit\u00e1rio.\n<\/p>\n<p>Dever\u00e3o, da mesma forma, participar do curso \u201cDemocracia, Estado de Direito e Golpe de Estado\u201d, com conte\u00fado do Minist\u00e9rio P\u00fablico Federal, e pagar multas. Al\u00e9m disso, estar\u00e3o proibidos de deixar, sem autoriza\u00e7\u00e3o, a cidade onde vivem e de participar de redes sociais at\u00e9 o cumprimento final da pena.\n<\/p>\n<p>Com informa\u00e7\u00f5es de Revista Oeste              <\/p>\n<\/div>\n<p><br \/>\n<br \/><a href=\"https:\/\/diariodobrasilnoticias.com.br\/noticia\/stf-condena-mais-63-reus-pelo-8-de-janeiro-numero-de-sentenciados-vai-a-480-67d00be040c6a\">Source link <\/a><\/p>","protected":false},"excerpt":{"rendered":"<p>O Supremo Tribunal Federal (STF) condenou mais 63 r\u00e9us pelas manifesta\u00e7\u00f5es de 8 de janeiro de 2023. Com isso, vai a 480 o n\u00famero de pessoas que receberam uma senten\u00e7a&hellip;<\/p>","protected":false},"author":1,"featured_media":110061,"comment_status":"closed","ping_status":"open","sticky":false,"template":"","format":"standard","meta":{"content-type":"","footnotes":""},"categories":[16],"tags":[123,2448,5313,1267],"class_list":["post-110060","post","type-post","status-publish","format-standard","has-post-thumbnail","hentry","category-noticias","tag-brasil","tag-diario","tag-noticia","tag-noticias"],"_links":{"self":[{"href":"https:\/\/tvbrazilusa.com\/pt\/wp-json\/wp\/v2\/posts\/110060","targetHints":{"allow":["GET"]}}],"collection":[{"href":"https:\/\/tvbrazilusa.com\/pt\/wp-json\/wp\/v2\/posts"}],"about":[{"href":"https:\/\/tvbrazilusa.com\/pt\/wp-json\/wp\/v2\/types\/post"}],"author":[{"embeddable":true,"href":"https:\/\/tvbrazilusa.com\/pt\/wp-json\/wp\/v2\/users\/1"}],"replies":[{"embeddable":true,"href":"https:\/\/tvbrazilusa.com\/pt\/wp-json\/wp\/v2\/comments?post=110060"}],"version-history":[{"count":1,"href":"https:\/\/tvbrazilusa.com\/pt\/wp-json\/wp\/v2\/posts\/110060\/revisions"}],"predecessor-version":[{"id":110062,"href":"https:\/\/tvbrazilusa.com\/pt\/wp-json\/wp\/v2\/posts\/110060\/revisions\/110062"}],"wp:featuredmedia":[{"embeddable":true,"href":"https:\/\/tvbrazilusa.com\/pt\/wp-json\/wp\/v2\/media\/110061"}],"wp:attachment":[{"href":"https:\/\/tvbrazilusa.com\/pt\/wp-json\/wp\/v2\/media?parent=110060"}],"wp:term":[{"taxonomy":"category","embeddable":true,"href":"https:\/\/tvbrazilusa.com\/pt\/wp-json\/wp\/v2\/categories?post=110060"},{"taxonomy":"post_tag","embeddable":true,"href":"https:\/\/tvbrazilusa.com\/pt\/wp-json\/wp\/v2\/tags?post=110060"}],"curies":[{"name":"wp","href":"https:\/\/api.w.org\/{rel}","templated":true}]}}