{"id":110096,"date":"2025-03-11T13:34:05","date_gmt":"2025-03-11T13:34:05","guid":{"rendered":"https:\/\/tvbrazilusa.com\/2025\/03\/11\/em-menos-de-duas-horas-padilha-ja-enfrenta-pedido-de-convocacao-na-camara\/"},"modified":"2025-03-11T13:34:07","modified_gmt":"2025-03-11T13:34:07","slug":"em-menos-de-duas-horas-padilha-ja-enfrenta-pedido-de-convocacao-na-camara","status":"publish","type":"post","link":"https:\/\/tvbrazilusa.com\/pt\/2025\/03\/11\/em-menos-de-duas-horas-padilha-ja-enfrenta-pedido-de-convocacao-na-camara\/","title":{"rendered":"Em menos de duas horas, Padilha j\u00e1 enfrenta pedido de convoca\u00e7\u00e3o na C\u00e2mara"},"content":{"rendered":"<p> <script async src=\"https:\/\/pagead2.googlesyndication.com\/pagead\/js\/adsbygoogle.js?client=ca-pub-8864793242727901\"\r\n     crossorigin=\"anonymous\"><\/script><br \/>\n<\/p>\n<div>\n<figure class=\"post-image\">\n<\/figure>\n<p>            <span style=\"font-size: 12px\">VIN\u00cdCIUS SCHMIDT\/METR\u00d3POLES @vinicius.foto<\/span><\/p>\n<p>            <!-- end metas --><br \/>\n            <!-- ADS --><\/p>\n<div id=\"taboola-read-more\" style=\"display:block; width:100%\">\n<p>Menos de duas horas ap\u00f3s tomar posse como ministro da Sa\u00fade, Alexandre Padilha (PT) j\u00e1 foi alvo de requerimento de convoca\u00e7\u00e3o da C\u00e2mara dos Deputados.\n<\/p>\n<p>O objetivo \u00e9 obter explica\u00e7\u00f5es do m\u00e9dico infectologista sobre o convite para assumir o cargo de presidente de honra na associa\u00e7\u00e3o China Hub Brasil, revelado pela coluna nesta segunda-feira (10\/3). A entidade tem financiamento e apoio de megaempresas chinesas com interesses comerciais no governo federal, especialmente na pasta.<\/p>\n<p>A entidade busca \u201ca rela\u00e7\u00e3o econ\u00f4mica, cultural e comercial entre empresas brasileiras e chinesas\u201d. Al\u00e9m de fomentar contatos entre empresas brasileiras e chinesas, dar\u00e1 consultoria para associadas e promover\u00e1 parcerias p\u00fablicas e privadas.\n<\/p>\n<p>Para o autor do requerimento, deputado Evair Vieira de Melo (PP-ES), o cargo pode ferir princ\u00edpios da administra\u00e7\u00e3o p\u00fablica. O pedido de convoca\u00e7\u00e3o foi apresentado \u00e0s 16h31, cerca de uma hora e meia depois da posse de Padilha.\n<\/p>\n<p>\u00a0<\/p>\n<p>\u201cO envolvimento do ministro da Sa\u00fade, Alexandre Padilha, com a China Hub Brasil representa preocupante golpe contra os princ\u00edpios fundamentais da administra\u00e7\u00e3o p\u00fablica. Um homem de Estado deve sua lealdade exclusiva ao povo, e n\u00e3o a interesses estrangeiros travestidos de parcerias estrat\u00e9gicas\u201d, diz o documento.\n<\/p>\n<blockquote>\n<p>\u201cAceitar um cargo, ainda que honor\u00e1rio, em associa\u00e7\u00e3o financiada por gigantes chinesas com interesses diretos no governo \u00e9 abrir as portas para a suspeita, para o tr\u00e1fico de influ\u00eancia e para a eros\u00e3o da confian\u00e7a p\u00fablica. A \u00e9tica na pol\u00edtica n\u00e3o se mede apenas pela aus\u00eancia de remunera\u00e7\u00e3o, mas pelo zelo intransigente pelo bem comum. Se permitirmos que ministros flertem com interesses privados, cedo ou tarde, o Estado deixar\u00e1 de servir \u00e0 na\u00e7\u00e3o para se tornar mero servidor de lobbies internacionais\u201d, prossegue Evair de Melo.\n<\/p>\n<p>\u00a0<\/p>\n<\/blockquote>\n<\/div>\n<p>O lan\u00e7amento oficial da associa\u00e7\u00e3o ocorrer\u00e1 na pr\u00f3xima sexta-feira (14\/3), na cidade de S\u00e3o Paulo, com patroc\u00ednios da Mindray, uma das principais fornecedoras globais de instrumentos m\u00e9dicos, e da Tegma, empresa de log\u00edstica de farmac\u00eauticos.\n<\/p>\n<p>O evento tamb\u00e9m tem apoio do Banco da China e da Huawei, gigante chinesa de tecnologia com parcerias para levar \u00e0 transforma\u00e7\u00e3o digital na sa\u00fade brasileira. A participa\u00e7\u00e3o de Padilha, que j\u00e1 aceitou o cargo n\u00e3o remunerado, \u00e9 aguardada no evento.<\/p>\n<p>Padilha consultou a Comiss\u00e3o de \u00c9tica P\u00fablica (CEP) para saber se poderia exercer o cargo e obteve aprova\u00e7\u00e3o. O pedido, todavia, foi enviado em 6 de fevereiro, quando ainda era ministro da Secretaria de Rela\u00e7\u00f5es Institucionais (SRI).\n<\/p>\n<p>Por isso, n\u00e3o avaliou a rela\u00e7\u00e3o das empresas chinesas que participariam como financiadoras ou apoiadoras da associa\u00e7\u00e3o. Na ocasi\u00e3o, j\u00e1 se ventilava que Padilha assumiria o comando do\u00a0<a href=\"https:\/\/www.gov.br\/saude\/pt-br\" target=\"_blank\" rel=\"noopener noreferrer\">Minist\u00e9rio da Sa\u00fade<\/a>, onde sempre acumulou bastante influ\u00eancia, inclusive nas nomea\u00e7\u00f5es de secret\u00e1rios.\n<\/p>\n<div class=\"m-banner-wrap m-banner-rectangle m-publicity-content-middle\"><img decoding=\"async\" src=\"https:\/\/uploads.metroimg.com\/wp-content\/uploads\/2025\/03\/07193555\/padilha-2.jpeg\" alt=\"\" width=\"100%\"\/><\/div>\n<p>\u00a0<\/p>\n<p>Fonte: Metr\u00f3poles<\/p>\n<\/p><\/div>\n<p><br \/>\n<br \/><a href=\"https:\/\/diariodobrasilnoticias.com.br\/noticia\/em-menos-de-duas-horas-padilha-ja-enfrenta-pedido-de-convocacao-na-camara-67d0348981d0d\">Source link <\/a><\/p>","protected":false},"excerpt":{"rendered":"<p>VIN\u00cdCIUS SCHMIDT\/METR\u00d3POLES @vinicius.foto Menos de duas horas ap\u00f3s tomar posse como ministro da Sa\u00fade, Alexandre Padilha (PT) j\u00e1 foi alvo de requerimento de convoca\u00e7\u00e3o da C\u00e2mara dos Deputados. O objetivo&hellip;<\/p>","protected":false},"author":1,"featured_media":110097,"comment_status":"closed","ping_status":"open","sticky":false,"template":"","format":"standard","meta":{"content-type":"","footnotes":""},"categories":[16],"tags":[123,2448,5313,1267],"class_list":["post-110096","post","type-post","status-publish","format-standard","has-post-thumbnail","hentry","category-noticias","tag-brasil","tag-diario","tag-noticia","tag-noticias"],"_links":{"self":[{"href":"https:\/\/tvbrazilusa.com\/pt\/wp-json\/wp\/v2\/posts\/110096","targetHints":{"allow":["GET"]}}],"collection":[{"href":"https:\/\/tvbrazilusa.com\/pt\/wp-json\/wp\/v2\/posts"}],"about":[{"href":"https:\/\/tvbrazilusa.com\/pt\/wp-json\/wp\/v2\/types\/post"}],"author":[{"embeddable":true,"href":"https:\/\/tvbrazilusa.com\/pt\/wp-json\/wp\/v2\/users\/1"}],"replies":[{"embeddable":true,"href":"https:\/\/tvbrazilusa.com\/pt\/wp-json\/wp\/v2\/comments?post=110096"}],"version-history":[{"count":1,"href":"https:\/\/tvbrazilusa.com\/pt\/wp-json\/wp\/v2\/posts\/110096\/revisions"}],"predecessor-version":[{"id":110098,"href":"https:\/\/tvbrazilusa.com\/pt\/wp-json\/wp\/v2\/posts\/110096\/revisions\/110098"}],"wp:featuredmedia":[{"embeddable":true,"href":"https:\/\/tvbrazilusa.com\/pt\/wp-json\/wp\/v2\/media\/110097"}],"wp:attachment":[{"href":"https:\/\/tvbrazilusa.com\/pt\/wp-json\/wp\/v2\/media?parent=110096"}],"wp:term":[{"taxonomy":"category","embeddable":true,"href":"https:\/\/tvbrazilusa.com\/pt\/wp-json\/wp\/v2\/categories?post=110096"},{"taxonomy":"post_tag","embeddable":true,"href":"https:\/\/tvbrazilusa.com\/pt\/wp-json\/wp\/v2\/tags?post=110096"}],"curies":[{"name":"wp","href":"https:\/\/api.w.org\/{rel}","templated":true}]}}