{"id":110099,"date":"2025-03-11T13:46:38","date_gmt":"2025-03-11T13:46:38","guid":{"rendered":"https:\/\/tvbrazilusa.com\/2025\/03\/11\/urgente-justica-da-espanha-rejeita-extradicao-de-oswaldo-eustaquio-e-questiona-denuncia-do-brasil\/"},"modified":"2025-03-11T13:46:39","modified_gmt":"2025-03-11T13:46:39","slug":"urgente-justica-da-espanha-rejeita-extradicao-de-oswaldo-eustaquio-e-questiona-denuncia-do-brasil","status":"publish","type":"post","link":"https:\/\/tvbrazilusa.com\/pt\/2025\/03\/11\/urgente-justica-da-espanha-rejeita-extradicao-de-oswaldo-eustaquio-e-questiona-denuncia-do-brasil\/","title":{"rendered":"URGENTE: Justi\u00e7a da Espanha rejeita extradi\u00e7\u00e3o de Oswaldo Eust\u00e1quio e questiona den\u00fancia do Brasil"},"content":{"rendered":"<p> <script async src=\"https:\/\/pagead2.googlesyndication.com\/pagead\/js\/adsbygoogle.js?client=ca-pub-8864793242727901\"\r\n     crossorigin=\"anonymous\"><\/script><br \/>\n<\/p>\n<div id=\"taboola-read-more\" style=\"display:block; width:100%\">\n<p>A Justi\u00e7a da Espanha recusou o pedido de extradi\u00e7\u00e3o do jornalista Oswaldo Eust\u00e1quio, solicitado pelo Supremo Tribunal Federal (STF). O governo espanhol argumentou que os atos atribu\u00eddos ao comunicador n\u00e3o configuram crime no pa\u00eds, mas fazem parte do exerc\u00edcio da liberdade de express\u00e3o.\n<\/p>\n<p>A decis\u00e3o representa um rev\u00e9s para o Judici\u00e1rio brasileiro e levanta questionamentos sobre a condu\u00e7\u00e3o de investiga\u00e7\u00f5es contra opositores pol\u00edticos no Brasil.<\/p>\n<p>Pedido de extradi\u00e7\u00e3o e argumentos da Espanha no caso Oswaldo Eust\u00e1quio<br \/>O pedido formal de extradi\u00e7\u00e3o foi enviado pela Embaixada do Brasil em Madrid em outubro de 2024, embasado em investiga\u00e7\u00f5es conduzidas pelo STF. De acordo com os autos, Eust\u00e1quio teria participado de uma suposta organiza\u00e7\u00e3o criminosa que teria feito amea\u00e7as a policiais federais e tentado a \u201caboli\u00e7\u00e3o violenta do Estado democr\u00e1tico\u201d e um \u201cgolpe de Estado\u201d.\n<\/p>\n<p>O jornalista teve a pris\u00e3o determinada pelo STF em agosto de 2024 e, posteriormente, se refugiou na Espanha.\n<\/p>\n<p>O governo espanhol analisou a documenta\u00e7\u00e3o, negou a extradi\u00e7\u00e3o, e apontou a falta de \u201cdupla incrimina\u00e7\u00e3o\u201d \u2013 princ\u00edpio jur\u00eddico que exige que um ato seja considerado crime nos dois pa\u00edses para que o pedido seja aceito. Na Espanha, os fatos descritos n\u00e3o s\u00e3o pass\u00edveis de puni\u00e7\u00e3o, pois est\u00e3o protegidos pelo direito \u00e0 liberdade de express\u00e3o.\n<\/p>\n<p>A negativa foi protocolada no \u00faltimo dia 7 de mar\u00e7o, mas conforme informou a Oeste, Oswaldo Eust\u00e1quio tomou conhecimento da decis\u00e3o apenas na manh\u00e3 deste ter\u00e7a-feira, 11, quando foi adicionada no sistema judicial do pa\u00eds. \u201cEstou pulando de alegria\u201d, disse o comunicador.\n<\/p>\n<p>Liberdade de express\u00e3o e impacto pol\u00edtico<br \/>A negativa da extradi\u00e7\u00e3o refor\u00e7a a tese de que a criminaliza\u00e7\u00e3o da opini\u00e3o tem avan\u00e7ado no Brasil. Para as autoridades espanholas, as a\u00e7\u00f5es de Eust\u00e1quio, entre elas as cr\u00edticas ao STF e a publica\u00e7\u00e3o de dados sobre autoridades, est\u00e3o dentro dos limites da manifesta\u00e7\u00e3o p\u00fablica e n\u00e3o configuram conspira\u00e7\u00e3o para um golpe de Estado.\n<\/p>\n<p>O caso tamb\u00e9m acende um alerta sobre censura no Brasil. Nos \u00faltimos anos, opositores do governo Lula e cr\u00edticos das institui\u00e7\u00f5es passaram a ser alvos do Judici\u00e1rio. O pr\u00f3prio Eust\u00e1quio j\u00e1 havia sido preso em 2020, durante o governo de Jair Bolsonaro, por suposta participa\u00e7\u00e3o em \u201catos antidemocr\u00e1ticos\u201d. No entanto, nunca foi formalmente condenado.\n<\/p>\n<p>Constrangimento para o STF e implica\u00e7\u00f5es internacionais<br \/>A recusa da Espanha representa um constrangimento para o STF, que vem sendo criticado pelo tratamento dado a jornalistas e pol\u00edticos da direita. A extradi\u00e7\u00e3o de Eust\u00e1quio fazia parte da narrativa de combate ao \u201cextremismo bolsonarista\u201d, promovida por ministros da Corte e setores alinhados a esquerda.\n<\/p>\n<p>O que acontece agora com Oswaldo Eust\u00e1quio?<br \/>Com a recusa da extradi\u00e7\u00e3o, Oswaldo Eust\u00e1quio poder\u00e1 permanecer na Espanha sem risco de ser deportado para o Brasil. A decis\u00e3o do governo espanhol pode servir de precedente para outros brasileiros que alegam persegui\u00e7\u00e3o pol\u00edtica e buscam ref\u00fagio no exterior.\n<\/p>\n<p>Fonte: Revista Oeste              <\/p>\n<\/div>\n<p><br \/>\n<br \/><a href=\"https:\/\/diariodobrasilnoticias.com.br\/noticia\/justica-da-espanha-rejeita-extradicao-de-oswaldo-eustaquio-e-questiona-denuncia-do-brasil-67d03c94a3a4c\">Source link <\/a><\/p>","protected":false},"excerpt":{"rendered":"<p>A Justi\u00e7a da Espanha recusou o pedido de extradi\u00e7\u00e3o do jornalista Oswaldo Eust\u00e1quio, solicitado pelo Supremo Tribunal Federal (STF). O governo espanhol argumentou que os atos atribu\u00eddos ao comunicador n\u00e3o&hellip;<\/p>","protected":false},"author":1,"featured_media":110100,"comment_status":"closed","ping_status":"open","sticky":false,"template":"","format":"standard","meta":{"content-type":"","footnotes":""},"categories":[16],"tags":[123,2448,5313,1267],"class_list":["post-110099","post","type-post","status-publish","format-standard","has-post-thumbnail","hentry","category-noticias","tag-brasil","tag-diario","tag-noticia","tag-noticias"],"_links":{"self":[{"href":"https:\/\/tvbrazilusa.com\/pt\/wp-json\/wp\/v2\/posts\/110099","targetHints":{"allow":["GET"]}}],"collection":[{"href":"https:\/\/tvbrazilusa.com\/pt\/wp-json\/wp\/v2\/posts"}],"about":[{"href":"https:\/\/tvbrazilusa.com\/pt\/wp-json\/wp\/v2\/types\/post"}],"author":[{"embeddable":true,"href":"https:\/\/tvbrazilusa.com\/pt\/wp-json\/wp\/v2\/users\/1"}],"replies":[{"embeddable":true,"href":"https:\/\/tvbrazilusa.com\/pt\/wp-json\/wp\/v2\/comments?post=110099"}],"version-history":[{"count":1,"href":"https:\/\/tvbrazilusa.com\/pt\/wp-json\/wp\/v2\/posts\/110099\/revisions"}],"predecessor-version":[{"id":110101,"href":"https:\/\/tvbrazilusa.com\/pt\/wp-json\/wp\/v2\/posts\/110099\/revisions\/110101"}],"wp:featuredmedia":[{"embeddable":true,"href":"https:\/\/tvbrazilusa.com\/pt\/wp-json\/wp\/v2\/media\/110100"}],"wp:attachment":[{"href":"https:\/\/tvbrazilusa.com\/pt\/wp-json\/wp\/v2\/media?parent=110099"}],"wp:term":[{"taxonomy":"category","embeddable":true,"href":"https:\/\/tvbrazilusa.com\/pt\/wp-json\/wp\/v2\/categories?post=110099"},{"taxonomy":"post_tag","embeddable":true,"href":"https:\/\/tvbrazilusa.com\/pt\/wp-json\/wp\/v2\/tags?post=110099"}],"curies":[{"name":"wp","href":"https:\/\/api.w.org\/{rel}","templated":true}]}}