{"id":110114,"date":"2025-03-11T14:29:21","date_gmt":"2025-03-11T14:29:21","guid":{"rendered":"https:\/\/tvbrazilusa.com\/2025\/03\/11\/a-ordem-de-seguranca-europeia-esta-abalada\/"},"modified":"2025-03-11T14:29:23","modified_gmt":"2025-03-11T14:29:23","slug":"a-ordem-de-seguranca-europeia-esta-abalada","status":"publish","type":"post","link":"https:\/\/tvbrazilusa.com\/pt\/2025\/03\/11\/a-ordem-de-seguranca-europeia-esta-abalada\/","title":{"rendered":"&#8216;A ordem de seguran\u00e7a europeia est\u00e1 abalada&#8217;"},"content":{"rendered":"<p> <script async src=\"https:\/\/pagead2.googlesyndication.com\/pagead\/js\/adsbygoogle.js?client=ca-pub-8864793242727901\"\r\n     crossorigin=\"anonymous\"><\/script><br \/>\n<\/p>\n<div id=\"taboola-read-more\" style=\"display:block; width:100%\">\n<p>Ursula von der Leyen discursou no Parlamento Europeu refor\u00e7ando a necessidade de criar uma defesa comum na Europa\n<\/p>\n<p>\u201cA ordem de seguran\u00e7a europeia est\u00e1 abalada e muitas das nossas ilus\u00f5es est\u00e3o destru\u00eddas\u201d, disse a presidente da Comiss\u00e3o Europeia.<\/p>\n<p>Neste contexto, a Europa \u00e9 chamada a \u201cassumir maior responsabilidade pela sua pr\u00f3pria defesa\u201d, sublinhou.\n<\/p>\n<p>\u201cO tempo das ilus\u00f5es acabou\u201d e a Uni\u00e3o Europeia deve aumentar significativamente seus gastos com armas, disse a presidente da Comiss\u00e3o Europeia, Ursula von der Leyen, em Estrasburgo, na ter\u00e7a-feira, 11 de mar\u00e7o.\n<\/p>\n<p>\u201cPrecisamos de um aumento muito r\u00e1pido nas capacidades de defesa europeias. E precisamos disso agora\u201d, disse ela ao Parlamento Europeu.\n<\/p>\n<p>\u201cChegou a hora de criar uma defesa comum\u201d, acrescentou von der Leyen, ao apresentar os resultados da \u00faltima cimeira europeia dos 27 dedicada \u00e0 defesa do continente.\n<\/p>\n<p>Sobre este ponto, ela saudou o consenso dos pa\u00edses da UE sobre a necessidade de refor\u00e7ar as capacidades de defesa da Uni\u00e3o, o que era \u201cabsolutamente impens\u00e1vel h\u00e1 apenas algumas semanas\u201d, disse ela.\n<\/p>\n<p>Rearmamento<br \/>A Comiss\u00e3o Europeia apresentou um plano para \u201crearmamento da Europa\u201d que dever\u00e1 permitir mobilizar cerca de 800 bilh\u00f5es de euros ao longo de quatro anos, incluindo 150 bilh\u00f5es em empr\u00e9stimos disponibilizados aos 27 pela Comiss\u00e3o Europeia.\n<\/p>\n<p>Os l\u00edderes europeus deram luz verde ao plano e a Comiss\u00e3o apresentar\u00e1 agora propostas concretas antes de uma pr\u00f3xima c\u00fapula da UE na pr\u00f3xima semana.\n<\/p>\n<p>Antonio Costa, presidente do Conselho Europeu, que re\u00fane os chefes de Estado e de governo da UE prometeu que os l\u00edderes europeus \u201ccontinuar\u00e3o a trabalhar para construir nossa dissuas\u00e3o para fortalecer a seguran\u00e7a do nosso continente.\u201d\n<\/p>\n<p>Macron re\u00fane chefes militares aliados, sem os americanos<br \/>Desde os reveses dos Estados Unidos, a Europa vem tentando assumir o controle de sua defesa. O Presidente da Fran\u00e7a discursar\u00e1 na ter\u00e7a-feira, 11 de mar\u00e7o, perante 31 l\u00edderes militares de pa\u00edses aliados, reunidos como parte do F\u00f3rum de Defesa e Estrat\u00e9gia de Paris.<\/p>\n<p>Fonte: O antagonista              <\/p>\n<\/div>\n<p><br \/>\n<br \/><a href=\"https:\/\/diariodobrasilnoticias.com.br\/noticia\/-a-ordem-de-seguranca-europeia-esta-abalada-67d02bf08daba\">Source link <\/a><\/p>","protected":false},"excerpt":{"rendered":"<p>Ursula von der Leyen discursou no Parlamento Europeu refor\u00e7ando a necessidade de criar uma defesa comum na Europa \u201cA ordem de seguran\u00e7a europeia est\u00e1 abalada e muitas das nossas ilus\u00f5es&hellip;<\/p>","protected":false},"author":1,"featured_media":110115,"comment_status":"closed","ping_status":"open","sticky":false,"template":"","format":"standard","meta":{"content-type":"","footnotes":""},"categories":[16],"tags":[123,2448,5313,1267],"class_list":["post-110114","post","type-post","status-publish","format-standard","has-post-thumbnail","hentry","category-noticias","tag-brasil","tag-diario","tag-noticia","tag-noticias"],"_links":{"self":[{"href":"https:\/\/tvbrazilusa.com\/pt\/wp-json\/wp\/v2\/posts\/110114","targetHints":{"allow":["GET"]}}],"collection":[{"href":"https:\/\/tvbrazilusa.com\/pt\/wp-json\/wp\/v2\/posts"}],"about":[{"href":"https:\/\/tvbrazilusa.com\/pt\/wp-json\/wp\/v2\/types\/post"}],"author":[{"embeddable":true,"href":"https:\/\/tvbrazilusa.com\/pt\/wp-json\/wp\/v2\/users\/1"}],"replies":[{"embeddable":true,"href":"https:\/\/tvbrazilusa.com\/pt\/wp-json\/wp\/v2\/comments?post=110114"}],"version-history":[{"count":1,"href":"https:\/\/tvbrazilusa.com\/pt\/wp-json\/wp\/v2\/posts\/110114\/revisions"}],"predecessor-version":[{"id":110116,"href":"https:\/\/tvbrazilusa.com\/pt\/wp-json\/wp\/v2\/posts\/110114\/revisions\/110116"}],"wp:featuredmedia":[{"embeddable":true,"href":"https:\/\/tvbrazilusa.com\/pt\/wp-json\/wp\/v2\/media\/110115"}],"wp:attachment":[{"href":"https:\/\/tvbrazilusa.com\/pt\/wp-json\/wp\/v2\/media?parent=110114"}],"wp:term":[{"taxonomy":"category","embeddable":true,"href":"https:\/\/tvbrazilusa.com\/pt\/wp-json\/wp\/v2\/categories?post=110114"},{"taxonomy":"post_tag","embeddable":true,"href":"https:\/\/tvbrazilusa.com\/pt\/wp-json\/wp\/v2\/tags?post=110114"}],"curies":[{"name":"wp","href":"https:\/\/api.w.org\/{rel}","templated":true}]}}