{"id":110117,"date":"2025-03-11T14:42:30","date_gmt":"2025-03-11T14:42:30","guid":{"rendered":"https:\/\/tvbrazilusa.com\/2025\/03\/11\/internada-na-uti-preta-gil-se-pronuncia-e-atualiza-estado-de-saude-entenda\/"},"modified":"2025-03-11T14:42:33","modified_gmt":"2025-03-11T14:42:33","slug":"internada-na-uti-preta-gil-se-pronuncia-e-atualiza-estado-de-saude-entenda","status":"publish","type":"post","link":"https:\/\/tvbrazilusa.com\/pt\/2025\/03\/11\/internada-na-uti-preta-gil-se-pronuncia-e-atualiza-estado-de-saude-entenda\/","title":{"rendered":"Internada na UTI, Preta Gil se pronuncia e atualiza estado de sa\u00fade; ENTENDA"},"content":{"rendered":"<p> <script async src=\"https:\/\/pagead2.googlesyndication.com\/pagead\/js\/adsbygoogle.js?client=ca-pub-8864793242727901\"\r\n     crossorigin=\"anonymous\"><\/script><br \/>\n<\/p>\n<div>\n<figure class=\"post-image\">\n<\/figure>\n<p>            <span style=\"font-size: 12px\">Reprodu\u00e7\u00e3o<\/span><\/p>\n<p>            <!-- end metas --><br \/>\n            <!-- ADS --><\/p>\n<div id=\"taboola-read-more\" style=\"display:block; width:100%\">\n<p>Preta Gil foi internada na UTI do Hospital Alian\u00e7a Star, de Salvador, por conta de uma infec\u00e7\u00e3o urin\u00e1ria. Pelos Stories do Instagram, a cantora publicou o primeiro boletim m\u00e9dico e aproveitou para se pronunciar e atualizar o seu estado de sa\u00fade.\n<\/p>\n<p>\u201cAmores, fiquem tranquilos! Estou sendo bem cuidada e em breve estarei em casa. Amo voc\u00eas\u201d, descreveu.<\/p>\n<p>Interna\u00e7\u00e3o de Preta Gil<br \/>A cantora Preta Gil voltou a ser internada menos de um m\u00eas ap\u00f3s receber alta. A cantora, que enfrenta um tratamento contra o c\u00e2ncer, foi diagnosticada com infec\u00e7\u00e3o urin\u00e1ria.\n<\/p>\n<p>A carioca est\u00e1 na Unidade de Terapia Intensiva (UTI) desde o s\u00e1bado (8) para monitoramento e cuidados m\u00e9dicos. De acordo com comunicado emitido pelo hospital, o quadro de sa\u00fade dela \u00e9 est\u00e1vel.\n<\/p>\n<p>A artista est\u00e1 sob os cuidados do coordenador da UTI, doutor Diogo Azevedo, do urologista, doutor Frederico Mascarenhas, da equipe m\u00e9dica do hospital e de seu m\u00e9dico particular, o doutor Roberto Kalil Filho.\n<\/p>\n<p>Com informa\u00e7\u00f5es de Metr\u00f3poles              <\/p>\n<\/div>\n<p>                        <!-- Scripts para conteudo --><\/p>\n<p>            <!-- .\/Scripts para conteudo --><br \/>\n            <!-- .\/Mat\u00e9ria --><\/p>\n<div class=\"row mt-3\">\n<div class=\"col-sm-6\">\n                <!-- Whatsapp channel 3--><br \/>\n                <a href=\"https:\/\/chat.whatsapp.com\/B8Qy6Erx4kb6yTzj3kaDco\" target=\"_blank\"><br \/>\n                  <img decoding=\"async\" src=\"https:\/\/diariodobrasilnoticias.com.br\/assets-site\/images\/bot_whatsapp.png\"\/><\/a>\n              <\/div>\n<div class=\"col-sm-6\">\n                <a href=\"https:\/\/t.me\/+_4gTmi5LKo03OTM5\" target=\"_blank\"><br \/>\n                  <img decoding=\"async\" src=\"https:\/\/diariodobrasilnoticias.com.br\/assets-site\/images\/bot_telegram.png\"\/><\/a>\n              <\/div>\n<\/p><\/div>\n<p>            <!-- end post-navigation --><\/p>\n<p>              <!-- end row --><\/p>\n<p>              <!-- end col-12-->\n                      <\/div>\n<p><br \/>\n<br \/><a href=\"https:\/\/diariodobrasilnoticias.com.br\/noticia\/internada-na-uti-preta-gil-se-pronuncia-e-atualiza-estado-de-saude-entenda-67d02d3e28e3c\">Source link <\/a><\/p>","protected":false},"excerpt":{"rendered":"<p>Reprodu\u00e7\u00e3o Preta Gil foi internada na UTI do Hospital Alian\u00e7a Star, de Salvador, por conta de uma infec\u00e7\u00e3o urin\u00e1ria. Pelos Stories do Instagram, a cantora publicou o primeiro boletim m\u00e9dico&hellip;<\/p>","protected":false},"author":1,"featured_media":110118,"comment_status":"closed","ping_status":"open","sticky":false,"template":"","format":"standard","meta":{"content-type":"","footnotes":""},"categories":[16],"tags":[123,2448,5313,1267],"class_list":["post-110117","post","type-post","status-publish","format-standard","has-post-thumbnail","hentry","category-noticias","tag-brasil","tag-diario","tag-noticia","tag-noticias"],"_links":{"self":[{"href":"https:\/\/tvbrazilusa.com\/pt\/wp-json\/wp\/v2\/posts\/110117","targetHints":{"allow":["GET"]}}],"collection":[{"href":"https:\/\/tvbrazilusa.com\/pt\/wp-json\/wp\/v2\/posts"}],"about":[{"href":"https:\/\/tvbrazilusa.com\/pt\/wp-json\/wp\/v2\/types\/post"}],"author":[{"embeddable":true,"href":"https:\/\/tvbrazilusa.com\/pt\/wp-json\/wp\/v2\/users\/1"}],"replies":[{"embeddable":true,"href":"https:\/\/tvbrazilusa.com\/pt\/wp-json\/wp\/v2\/comments?post=110117"}],"version-history":[{"count":1,"href":"https:\/\/tvbrazilusa.com\/pt\/wp-json\/wp\/v2\/posts\/110117\/revisions"}],"predecessor-version":[{"id":110119,"href":"https:\/\/tvbrazilusa.com\/pt\/wp-json\/wp\/v2\/posts\/110117\/revisions\/110119"}],"wp:featuredmedia":[{"embeddable":true,"href":"https:\/\/tvbrazilusa.com\/pt\/wp-json\/wp\/v2\/media\/110118"}],"wp:attachment":[{"href":"https:\/\/tvbrazilusa.com\/pt\/wp-json\/wp\/v2\/media?parent=110117"}],"wp:term":[{"taxonomy":"category","embeddable":true,"href":"https:\/\/tvbrazilusa.com\/pt\/wp-json\/wp\/v2\/categories?post=110117"},{"taxonomy":"post_tag","embeddable":true,"href":"https:\/\/tvbrazilusa.com\/pt\/wp-json\/wp\/v2\/tags?post=110117"}],"curies":[{"name":"wp","href":"https:\/\/api.w.org\/{rel}","templated":true}]}}