{"id":110123,"date":"2025-03-11T14:54:33","date_gmt":"2025-03-11T14:54:33","guid":{"rendered":"https:\/\/tvbrazilusa.com\/2025\/03\/11\/cantor-de-forro-e-preso-suspeito-de-esfaquear-a-companheira\/"},"modified":"2025-03-11T14:54:34","modified_gmt":"2025-03-11T14:54:34","slug":"cantor-de-forro-e-preso-suspeito-de-esfaquear-a-companheira","status":"publish","type":"post","link":"https:\/\/tvbrazilusa.com\/pt\/2025\/03\/11\/cantor-de-forro-e-preso-suspeito-de-esfaquear-a-companheira\/","title":{"rendered":"Cantor de forr\u00f3 \u00e9 preso suspeito de esfaquear a companheira"},"content":{"rendered":"<p> <script async src=\"https:\/\/pagead2.googlesyndication.com\/pagead\/js\/adsbygoogle.js?client=ca-pub-8864793242727901\"\r\n     crossorigin=\"anonymous\"><\/script><br \/>\n<\/p>\n<p>Um dos vocalistas da banda Forr\u00f3 Saborear, Francisco Elson Barbosa, foi preso em flagrante na noite do \u00faltimo domingo (9), suspeito de esfaquear a companheira em Teresina (PI). O cantor teve a liberdade provis\u00f3ria concedida na segunda-feira (10).\n<\/p>\n<p>A defesa de Francisco nega que ele responda por tentativa de feminic\u00eddio, destacando que o cantor foi indiciado pelos crimes de amea\u00e7a e les\u00e3o corporal.<\/p>\n<p>\u201cO Escrit\u00f3rio Alan Mota Advogados associados vem a p\u00fablico esclarecer informa\u00e7\u00f5es que circulam desde o dia de ontem a respeito do caso do Sr. Francisco Elson. Em diversas publica\u00e7\u00f5es, foi erroneamente divulgado que ele teria sido preso pelo suposto crime de tentativa de feminic\u00eddio, o que n\u00e3o condiz com a realidade dos fatos\u201d, garante.\n<\/p>\n<p>\u201cEle foi submetido a audi\u00eancia de cust\u00f3dia, na qual o magistrado, ap\u00f3s a an\u00e1lise dos elementos apresentados, acolheu os argumentos da defesa e concedeu sua liberdade, por entender que as medidas cautelares diversas da pris\u00e3o eram suficientes para garantir o adequado andamento do processo\u201d, completa a defesa.\n<\/p>\n<p>Nas redes sociais, a banda Forr\u00f3 Saborear lamentou o acontecido e anunciou a demiss\u00e3o de Francisco do grupo.\n<\/p>\n<p>\u201cEm raz\u00e3o da discord\u00e2ncia com a postura adotada por Elson Barbosa, informamos que ele n\u00e3o far\u00e1 mais parte do quadro da banda. Esperamos que todos os fatos sejam esclarecidos da forma mais justa poss\u00edvel e que a justi\u00e7a prevale\u00e7a\u201d, diz a nota publicada pelo grupo. Veja o post:\n<\/p>\n<div id=\"artigo-texto\">\n<div id=\"artigo-texto-content\">\n<p>Com informa\u00e7\u00f5es de Metr\u00f3poles\n<\/p>\n<\/div>\n<\/div>\n<p><br \/>\n<br \/><a href=\"https:\/\/diariodobrasilnoticias.com.br\/noticia\/cantor-de-forro-e-preso-suspeito-de-esfaquear-a-companheira-67d04c7e92690\">Source link <\/a><\/p>","protected":false},"excerpt":{"rendered":"<p>Um dos vocalistas da banda Forr\u00f3 Saborear, Francisco Elson Barbosa, foi preso em flagrante na noite do \u00faltimo domingo (9), suspeito de esfaquear a companheira em Teresina (PI). O cantor&hellip;<\/p>","protected":false},"author":1,"featured_media":110124,"comment_status":"closed","ping_status":"open","sticky":false,"template":"","format":"standard","meta":{"content-type":"","footnotes":""},"categories":[16],"tags":[123,2448,5313,1267],"class_list":["post-110123","post","type-post","status-publish","format-standard","has-post-thumbnail","hentry","category-noticias","tag-brasil","tag-diario","tag-noticia","tag-noticias"],"_links":{"self":[{"href":"https:\/\/tvbrazilusa.com\/pt\/wp-json\/wp\/v2\/posts\/110123","targetHints":{"allow":["GET"]}}],"collection":[{"href":"https:\/\/tvbrazilusa.com\/pt\/wp-json\/wp\/v2\/posts"}],"about":[{"href":"https:\/\/tvbrazilusa.com\/pt\/wp-json\/wp\/v2\/types\/post"}],"author":[{"embeddable":true,"href":"https:\/\/tvbrazilusa.com\/pt\/wp-json\/wp\/v2\/users\/1"}],"replies":[{"embeddable":true,"href":"https:\/\/tvbrazilusa.com\/pt\/wp-json\/wp\/v2\/comments?post=110123"}],"version-history":[{"count":1,"href":"https:\/\/tvbrazilusa.com\/pt\/wp-json\/wp\/v2\/posts\/110123\/revisions"}],"predecessor-version":[{"id":110125,"href":"https:\/\/tvbrazilusa.com\/pt\/wp-json\/wp\/v2\/posts\/110123\/revisions\/110125"}],"wp:featuredmedia":[{"embeddable":true,"href":"https:\/\/tvbrazilusa.com\/pt\/wp-json\/wp\/v2\/media\/110124"}],"wp:attachment":[{"href":"https:\/\/tvbrazilusa.com\/pt\/wp-json\/wp\/v2\/media?parent=110123"}],"wp:term":[{"taxonomy":"category","embeddable":true,"href":"https:\/\/tvbrazilusa.com\/pt\/wp-json\/wp\/v2\/categories?post=110123"},{"taxonomy":"post_tag","embeddable":true,"href":"https:\/\/tvbrazilusa.com\/pt\/wp-json\/wp\/v2\/tags?post=110123"}],"curies":[{"name":"wp","href":"https:\/\/api.w.org\/{rel}","templated":true}]}}