{"id":110126,"date":"2025-03-11T15:07:34","date_gmt":"2025-03-11T15:07:34","guid":{"rendered":"https:\/\/tvbrazilusa.com\/2025\/03\/11\/policia-encontrou-corpo-de-outra-mulher-durante-buscas-por-vitoria\/"},"modified":"2025-03-11T15:07:40","modified_gmt":"2025-03-11T15:07:40","slug":"policia-encontrou-corpo-de-outra-mulher-durante-buscas-por-vitoria","status":"publish","type":"post","link":"https:\/\/tvbrazilusa.com\/pt\/2025\/03\/11\/policia-encontrou-corpo-de-outra-mulher-durante-buscas-por-vitoria\/","title":{"rendered":"Pol\u00edcia encontrou corpo de outra mulher durante buscas por Vit\u00f3ria"},"content":{"rendered":"<p> <script async src=\"https:\/\/pagead2.googlesyndication.com\/pagead\/js\/adsbygoogle.js?client=ca-pub-8864793242727901\"\r\n     crossorigin=\"anonymous\"><\/script><br \/>\n<\/p>\n<div id=\"taboola-read-more\" style=\"display:block; width:100%\">\n<p>Enquanto fazia buscas por Vit\u00f3ria Regina de Souza, a pol\u00edcia encontrou no dia 1\u00ba, um s\u00e1bado, o corpo de uma mulher de 65 anos em uma cachoeira entre as cidades de Cajamar e Jundia\u00ed, no interior de S\u00e3o Paulo. De acordo com laudos da per\u00edcia, Edna Oliveira Silva morreu 72 horas antes do dia em que foi encontrada, o que corresponde ao dia 26\/2, mesmo dia em que Vit\u00f3ria desapareceu.\n<\/p>\n<p>De acordo com o secret\u00e1rio da Seguran\u00e7a P\u00fablica de Cajamar, Leandro Arantes, Edna era cuidadora da m\u00e3e do padrasto de Maicol Ant\u00f4nio Sales, vizinho de Vit\u00f3ria que foi preso no \u00faltimo s\u00e1bado (8). Essa \u00e9 a \u00fanica rela\u00e7\u00e3o entre o corpo encontrado e o caso de Vit\u00f3ria at\u00e9 o momento. A morte de Edna est\u00e1 sendo investigada na Delegacia Seccional de Jundia\u00ed.<\/p>\n<p>O diretor do Departamento de Pol\u00edcia Judici\u00e1ria da Macro S\u00e3o Paulo (Demacro), Luiz Carlos do Carmo, disse, nessa segunda-feira (10), que a pol\u00edcia encontrou manchas de sangue no porta-malas do carro de Maicol. O material gen\u00e9tico colhido na per\u00edcia ser\u00e1 submetido a exames t\u00e9cnicos para comprovar que se trata de material gen\u00e9tico da menina.\n<\/p>\n<p>\u201cO Corola de Maicol tinha sangue no porta-malas. Tudo leva a crer que possa ser da v\u00edtima. Foi encaminhado para um laborat\u00f3rio de DNA. \u00c9 um processo demorado. \u00c9 necess\u00e1rio fazer um refinamento. O sangue acaba se misturando com algumas propriedades que est\u00e3o no local. Entre 30 e 40 dias o laudo estar\u00e1 pronto\u201d, disse Carmo.\n<\/p>\n<p>Segundo ele, h\u00e1 provas de que Maicol estava pr\u00f3ximo ao local do crime no momento em que Vit\u00f3ria Regina foi raptada. Houve, ainda, uma inconsist\u00eancia em seu depoimento. Para a pol\u00edcia, ele disse que dormiu com a esposa naquele dia; a mulher, no entanto, afirmou ter dormido na casa da m\u00e3e.\n<\/p>\n<p>\u201cContra o Maicol h\u00e1 provas testemunhais que n\u00e3o deixam d\u00favida de que ele estava pr\u00f3ximo. Al\u00e9m disso, ficou comprovada a mentira dele. Vizinhos \u00e0 resid\u00eancia dele tamb\u00e9m comentaram que houve uma movimenta\u00e7\u00e3o anormal naquela noite, com gritos. V\u00e1rios vizinhos deram esse depoimento\u201d, refor\u00e7ou.\n<\/p>\n<p>Vit\u00f3ria Regina de Souza, de 17 anos, foi encontrada decapitada e com sinais de tortura na tarde do dia 5 de mar\u00e7o em uma \u00e1rea rural de Cajamar, na Grande S\u00e3o Paulo.\n<\/p>\n<p>Ela estava desaparecida desde o dia 26 de fevereiro, quando voltava do trabalho.\n<\/p>\n<p>Em nota, a Secretaria da Seguran\u00e7a P\u00fablica (SSP) afirmou que o corpo estava em avan\u00e7ado estado de decomposi\u00e7\u00e3o.<br \/>.<br \/>Imagens de c\u00e2meras de seguran\u00e7a mostram a jovem chegando a um ponto de \u00f4nibus no dia 26 de fevereiro e, posteriormente, entrando no transporte p\u00fablico.\n<\/p>\n<p>Antes de entrar no coletivo, a adolescente enviou \u00e1udios para uma amiga nos quais relatou a abordagem de homens suspeitos em um carro, enquanto ela estava no ponto de \u00f4nibus.\n<\/p>\n<p>Por fim, Vit\u00f3ria desce do transporte p\u00fablico e caminha em dire\u00e7\u00e3o a sua casa, em uma \u00e1rea rural de Cajamar.\n<\/p>\n<p>No caminho, ela enviou um \u00faltimo \u00e1udio para a amiga, dizendo que os dois n\u00e3o haviam descido junto com ela. \u201cTa de boa\u00e7a\u201d. Foi o \u00faltimo sinal de Vit\u00f3ria com vida.\n<\/p>\n<p>Delegado respons\u00e1vel pelo caso diz que \u201cprovavelmente foi crime de vingan\u00e7a\u201d.\n<\/p>\n<p>Com informa\u00e7\u00f5es de Metr\u00f3poles              <\/p>\n<\/div>\n<p><br \/>\n<br \/><a href=\"https:\/\/diariodobrasilnoticias.com.br\/noticia\/policia-encontrou-corpo-de-outra-mulher-durante-buscas-por-vitoria-67d04cf55ca64\">Source link <\/a><\/p>","protected":false},"excerpt":{"rendered":"<p>Enquanto fazia buscas por Vit\u00f3ria Regina de Souza, a pol\u00edcia encontrou no dia 1\u00ba, um s\u00e1bado, o corpo de uma mulher de 65 anos em uma cachoeira entre as cidades&hellip;<\/p>","protected":false},"author":1,"featured_media":110127,"comment_status":"closed","ping_status":"open","sticky":false,"template":"","format":"standard","meta":{"content-type":"","footnotes":""},"categories":[16],"tags":[123,2448,5313,1267],"class_list":["post-110126","post","type-post","status-publish","format-standard","has-post-thumbnail","hentry","category-noticias","tag-brasil","tag-diario","tag-noticia","tag-noticias"],"_links":{"self":[{"href":"https:\/\/tvbrazilusa.com\/pt\/wp-json\/wp\/v2\/posts\/110126","targetHints":{"allow":["GET"]}}],"collection":[{"href":"https:\/\/tvbrazilusa.com\/pt\/wp-json\/wp\/v2\/posts"}],"about":[{"href":"https:\/\/tvbrazilusa.com\/pt\/wp-json\/wp\/v2\/types\/post"}],"author":[{"embeddable":true,"href":"https:\/\/tvbrazilusa.com\/pt\/wp-json\/wp\/v2\/users\/1"}],"replies":[{"embeddable":true,"href":"https:\/\/tvbrazilusa.com\/pt\/wp-json\/wp\/v2\/comments?post=110126"}],"version-history":[{"count":1,"href":"https:\/\/tvbrazilusa.com\/pt\/wp-json\/wp\/v2\/posts\/110126\/revisions"}],"predecessor-version":[{"id":110128,"href":"https:\/\/tvbrazilusa.com\/pt\/wp-json\/wp\/v2\/posts\/110126\/revisions\/110128"}],"wp:featuredmedia":[{"embeddable":true,"href":"https:\/\/tvbrazilusa.com\/pt\/wp-json\/wp\/v2\/media\/110127"}],"wp:attachment":[{"href":"https:\/\/tvbrazilusa.com\/pt\/wp-json\/wp\/v2\/media?parent=110126"}],"wp:term":[{"taxonomy":"category","embeddable":true,"href":"https:\/\/tvbrazilusa.com\/pt\/wp-json\/wp\/v2\/categories?post=110126"},{"taxonomy":"post_tag","embeddable":true,"href":"https:\/\/tvbrazilusa.com\/pt\/wp-json\/wp\/v2\/tags?post=110126"}],"curies":[{"name":"wp","href":"https:\/\/api.w.org\/{rel}","templated":true}]}}