{"id":110140,"date":"2025-03-11T15:31:34","date_gmt":"2025-03-11T15:31:34","guid":{"rendered":"https:\/\/tvbrazilusa.com\/2025\/03\/11\/granny-flats-seria-permitido-em-todos-os-lugares-sob-a-proposta-de-habitacao-da-florida-jacksonville-hoje\/"},"modified":"2025-03-11T15:38:11","modified_gmt":"2025-03-11T15:38:11","slug":"granny-flats-seria-permitido-em-todos-os-lugares-sob-a-proposta-de-habitacao-da-florida-jacksonville-hoje","status":"publish","type":"post","link":"https:\/\/tvbrazilusa.com\/pt\/2025\/03\/11\/granny-flats-seria-permitido-em-todos-os-lugares-sob-a-proposta-de-habitacao-da-florida-jacksonville-hoje\/","title":{"rendered":"&#8216;Granny Flats&#8217; seria permitido em todos os lugares sob a proposta de habita\u00e7\u00e3o da Fl\u00f3rida | Jacksonville hoje"},"content":{"rendered":"<p> <script async src=\"https:\/\/pagead2.googlesyndication.com\/pagead\/js\/adsbygoogle.js?client=ca-pub-8864793242727901\"\r\n     crossorigin=\"anonymous\"><\/script><br \/>\n<\/p>\n<div>\n<p>Enquanto a Fl\u00f3rida continua lutando com a falta de moradias populares, os legisladores est\u00e3o olhando para os \u201capartamentos da vov\u00f3\u201d para ajudar a resolver o problema.<\/p>\n<p>Um comit\u00ea do Senado aprovou na ter\u00e7a -feira um projeto de lei (SB 184) que exigiria cidades e condados para permitir a adi\u00e7\u00e3o do que s\u00e3o <a href=\"https:\/\/jaxtoday.org\/2022\/11\/21\/askjaxtdy-more-details-on-adus-please\/\">tecnicamente conhecido como unidades de habita\u00e7\u00e3o acess\u00f3ria<\/a> -mas s\u00e3o frequentemente conhecidos como apartamentos da av\u00f3-em \u00e1reas residenciais unifamiliares.<\/p>\n<p>Os apartamentos da vov\u00f3 s\u00e3o espa\u00e7os de estar independentes adicionados a resid\u00eancias ou propriedades. A lei atual diz que os governos locais podem permitir apartamentos da av\u00f3, mas a nova legisla\u00e7\u00e3o exigiria que eles o fizessem.<\/p>\n<p>\u201cA ADUS (unidades de habita\u00e7\u00e3o acess\u00f3ria) aumenta a moradia da for\u00e7a de trabalho porque o ADUS custa menos para ser constru\u00eddo, eles custam menos para alugar e geralmente est\u00e3o localizados em \u00e1reas urbanas onde os trabalhadores precisam viver para estar perto de seus empregos\u201d, disse o patrocinador do Senado, Don Gaetz, R-Niceville, disse que o Bill Thourming Transportation, o Comit\u00ea de Desenvolvimento Econ\u00f4mico e o Desenvolvimento Econ\u00f4mico do Senado, que n\u00e3o aprendeu.<\/p>\n<p>A vers\u00e3o da C\u00e2mara do projeto de lei (HB 247), apresentada pelo deputado Bill Conerly, Ranch R-Lakewood, estava programada para ser adotada ainda na ter\u00e7a-feira pelo subcomit\u00ea de House Housing, Agriculture &#038; Tourism.<\/p>\n<p>Os legisladores, em 2023, aprovaram uma medida abrangente, apelidado de &#8220;Ato Local Live&#8221;, com o objetivo de expandir a moradia da for\u00e7a de trabalho no estado. Essa medida foi uma das principais prioridades do ent\u00e3o presidente da Presidente Kathleen Passidomo, R-Naples.<\/p>\n<p>Gaetz, tamb\u00e9m ex -presidente do Senado, disse na ter\u00e7a -feira que o projeto de lei deste ano &#8220;d\u00e1 mais um passo&#8221;. Uma an\u00e1lise da equipe do Senado, citando um estudo da Florida Housing Coalition, disse que as unidades de habita\u00e7\u00e3o acess\u00f3ria j\u00e1 s\u00e3o permitidas em 11 das 15 cidades com as popula\u00e7\u00f5es mais altas do estado.<\/p>\n<p>A conta atraiu apoio de grupos t\u00e3o diversos quanto AARP, a C\u00e2mara de Com\u00e9rcio da Fl\u00f3rida e os americanos pela prosperidade.<\/p>\n<p>De acordo com a lei, os moradores n\u00e3o puderam perder suas isen\u00e7\u00f5es de propriedades de propriedade se adicionassem apartamentos da vov\u00f3 &#8211; embora os apartamentos da vov\u00f3 tamb\u00e9m enfrentem impostos sobre a propriedade. O requisito para permitir que as unidades n\u00e3o se apliquem aos desenvolvimentos unit\u00e1rios planejados ou \u00e0s comunidades planejadas mestras, que, por exemplo, podem incluir restri\u00e7\u00f5es aplicadas a um desenvolvimento inteiro, e n\u00e3o a casas individuais.<\/p>\n<p>Gaetz fez uma mudan\u00e7a na ter\u00e7a-feira que, segundo ele, ajudaria a impedir o uso de apartamentos da vov\u00f3 como aluguel de f\u00e9rias de curto prazo. A mudan\u00e7a impediria que as unidades fossem alugadas por menos de um m\u00eas.<\/p>\n<p>O senador Carlos Guillermo Smith, D-Orlando, disse que estava inicialmente preocupado com &#8220;poss\u00edveis travessuras&#8221; relacionadas aos alugu\u00e9is de f\u00e9rias. Mas ele disse que a mudan\u00e7a de ter\u00e7a -feira abordou amplamente essa preocupa\u00e7\u00e3o.<\/p>\n<p>De maneira mais ampla, Smith disse que o projeto de lei pode ajudar a resolver problemas de habita\u00e7\u00e3o acess\u00edvel.<\/p>\n<p>&#8220;Temos uma crise imobili\u00e1ria realmente acess\u00edvel no estado da Fl\u00f3rida, e grande parte dessa crise tem tudo a ver com o suprimento ou falta de suprimento&#8221;, disse Smith. &#8220;Trazer esses ADUs para ajudar a adicionar ao suprimento de moradia \u00e9 uma \u00f3tima id\u00e9ia que deve ser incentivada&#8221;.<\/p>\n<p>O projeto de lei de Gaetz deve limpar o Comit\u00ea de Regras do Senado antes de poder ir para o Senado completo.<\/p>\n<p><em>\u00a9 2025 O Servi\u00e7o de Not\u00edcias da Fl\u00f3rida. Todos os direitos reservados; <a href=\"https:\/\/www.newsserviceflorida.com\/site\/terms.html\" rel=\"nofollow noopener\" target=\"_blank\">Veja os termos.<\/a><\/em><\/p>\n<\/div>\n<p><br \/>\n<br \/><a href=\"https:\/\/jaxtoday.org\/2025\/03\/11\/granny-flats-would-be-allowed-everywhere-under-florida-housing-proposal\/\">Source link <\/a><\/p>","protected":false},"excerpt":{"rendered":"<p>Enquanto a Fl\u00f3rida continua lutando com a falta de moradias populares, os legisladores est\u00e3o olhando para os \u201capartamentos da vov\u00f3\u201d para ajudar a resolver o problema. Um comit\u00ea do Senado&hellip;<\/p>","protected":false},"author":1,"featured_media":110141,"comment_status":"closed","ping_status":"open","sticky":false,"template":"","format":"standard","meta":{"content-type":"","footnotes":""},"categories":[1],"tags":[],"class_list":["post-110140","post","type-post","status-publish","format-standard","has-post-thumbnail","hentry","category-uncategorized"],"_links":{"self":[{"href":"https:\/\/tvbrazilusa.com\/pt\/wp-json\/wp\/v2\/posts\/110140","targetHints":{"allow":["GET"]}}],"collection":[{"href":"https:\/\/tvbrazilusa.com\/pt\/wp-json\/wp\/v2\/posts"}],"about":[{"href":"https:\/\/tvbrazilusa.com\/pt\/wp-json\/wp\/v2\/types\/post"}],"author":[{"embeddable":true,"href":"https:\/\/tvbrazilusa.com\/pt\/wp-json\/wp\/v2\/users\/1"}],"replies":[{"embeddable":true,"href":"https:\/\/tvbrazilusa.com\/pt\/wp-json\/wp\/v2\/comments?post=110140"}],"version-history":[{"count":1,"href":"https:\/\/tvbrazilusa.com\/pt\/wp-json\/wp\/v2\/posts\/110140\/revisions"}],"predecessor-version":[{"id":110142,"href":"https:\/\/tvbrazilusa.com\/pt\/wp-json\/wp\/v2\/posts\/110140\/revisions\/110142"}],"wp:featuredmedia":[{"embeddable":true,"href":"https:\/\/tvbrazilusa.com\/pt\/wp-json\/wp\/v2\/media\/110141"}],"wp:attachment":[{"href":"https:\/\/tvbrazilusa.com\/pt\/wp-json\/wp\/v2\/media?parent=110140"}],"wp:term":[{"taxonomy":"category","embeddable":true,"href":"https:\/\/tvbrazilusa.com\/pt\/wp-json\/wp\/v2\/categories?post=110140"},{"taxonomy":"post_tag","embeddable":true,"href":"https:\/\/tvbrazilusa.com\/pt\/wp-json\/wp\/v2\/tags?post=110140"}],"curies":[{"name":"wp","href":"https:\/\/api.w.org\/{rel}","templated":true}]}}