{"id":110145,"date":"2025-03-11T15:48:27","date_gmt":"2025-03-11T15:48:27","guid":{"rendered":"https:\/\/tvbrazilusa.com\/2025\/03\/11\/rogerio-marinho-contesta-haddad-sobre-proposta-contra-supersalarios-veja-detalhes\/"},"modified":"2025-03-11T15:48:29","modified_gmt":"2025-03-11T15:48:29","slug":"rogerio-marinho-contesta-haddad-sobre-proposta-contra-supersalarios-veja-detalhes","status":"publish","type":"post","link":"https:\/\/tvbrazilusa.com\/pt\/2025\/03\/11\/rogerio-marinho-contesta-haddad-sobre-proposta-contra-supersalarios-veja-detalhes\/","title":{"rendered":"Rog\u00e9rio Marinho contesta Haddad sobre proposta contra supersal\u00e1rios; veja detalhes."},"content":{"rendered":"<p> <script async src=\"https:\/\/pagead2.googlesyndication.com\/pagead\/js\/adsbygoogle.js?client=ca-pub-8864793242727901\"\r\n     crossorigin=\"anonymous\"><\/script><br \/>\n<\/p>\n<div id=\"taboola-read-more\" style=\"display:block; width:100%\">\n<p>O senador Rog\u00e9rio Marinho (PL-RN) usou as redes sociais para rebater uma declara\u00e7\u00e3o do ministro da Fazenda, Fernando Haddad, sobre a vota\u00e7\u00e3o do projeto de lei que limita os supersal\u00e1rios do funcionalismo p\u00fablico. Segundo o parlamentar, em postagem publicada nessa segunda-feira (10), o PL defende a vota\u00e7\u00e3o da mat\u00e9ria desde o ano passado, enquanto o PT \u201cse omitiu\u201d.\n<\/p>\n<p>A publica\u00e7\u00e3o de Marinho acontece ap\u00f3s Haddad afirmar, em entrevista concedida na \u00faltima sexta-feira (7), que basta um consenso entre o PT e o PL para que o projeto seja votado. \u201cSe o PT e o PL concordarem em limitar a aposentadoria dos militares e supersal\u00e1rios, aprova em duas semanas. T\u00e1 feito aqui o desafio\u201d, disse.<\/p>\n<p>Os chamados \u201csupersal\u00e1rios\u201d consistem em vencimentos de servidores que ultrapassam o teto do funcionalismo, correspondente a R$ 46.366,19, valor equivalente ao sal\u00e1rio de ministros do Supremo Tribunal Federal (STF). Dessa forma, nenhum servidor poderia ganhar mais do que um ministro da corte, embora o cen\u00e1rio na pr\u00e1tica seja diferente.\n<\/p>\n<p>Em pronunciamento no plen\u00e1rio em 19 de dezembro do ano passado, o senador Rog\u00e9rio Marinho afirmou que o projeto de combate aos supersal\u00e1rios j\u00e1 estava pronto para ser votado e aguardava apenas a designa\u00e7\u00e3o de um relator da Comiss\u00e3o de Justi\u00e7a. Na oportunidade, ele tamb\u00e9m afirmou que a mat\u00e9ria n\u00e3o sofreria resist\u00eancia, caso os l\u00edderes do Governo da casa concordassem com uma emenda.\n<\/p>\n<p>\u201cN\u00f3s queremos colocar uma v\u00edrgula , dizer que n\u00e3o \u00e9 poss\u00edvel que a\u00e7\u00f5es administrativas , por exemplo, do CNJ, ultrapasse essa lei. Porque n\u00f3s temos v\u00e1rios exemplos de que teto serve para alguns, n\u00e3o para todos\u201d , disse o parlamentar na \u00e9poca.\n<\/p>\n<p>Com informa\u00e7\u00f5es de Tribuna do Norte              <\/p>\n<\/div>\n<p><br \/>\n<br \/><a href=\"https:\/\/diariodobrasilnoticias.com.br\/noticia\/rogerio-marinho-contesta-haddad-sobre-proposta-contra-supersalarios-veja-detalhes-67d04684b9928\">Source link <\/a><\/p>","protected":false},"excerpt":{"rendered":"<p>O senador Rog\u00e9rio Marinho (PL-RN) usou as redes sociais para rebater uma declara\u00e7\u00e3o do ministro da Fazenda, Fernando Haddad, sobre a vota\u00e7\u00e3o do projeto de lei que limita os supersal\u00e1rios&hellip;<\/p>","protected":false},"author":1,"featured_media":110146,"comment_status":"closed","ping_status":"open","sticky":false,"template":"","format":"standard","meta":{"content-type":"","footnotes":""},"categories":[16],"tags":[123,2448,5313,1267],"class_list":["post-110145","post","type-post","status-publish","format-standard","has-post-thumbnail","hentry","category-noticias","tag-brasil","tag-diario","tag-noticia","tag-noticias"],"_links":{"self":[{"href":"https:\/\/tvbrazilusa.com\/pt\/wp-json\/wp\/v2\/posts\/110145","targetHints":{"allow":["GET"]}}],"collection":[{"href":"https:\/\/tvbrazilusa.com\/pt\/wp-json\/wp\/v2\/posts"}],"about":[{"href":"https:\/\/tvbrazilusa.com\/pt\/wp-json\/wp\/v2\/types\/post"}],"author":[{"embeddable":true,"href":"https:\/\/tvbrazilusa.com\/pt\/wp-json\/wp\/v2\/users\/1"}],"replies":[{"embeddable":true,"href":"https:\/\/tvbrazilusa.com\/pt\/wp-json\/wp\/v2\/comments?post=110145"}],"version-history":[{"count":1,"href":"https:\/\/tvbrazilusa.com\/pt\/wp-json\/wp\/v2\/posts\/110145\/revisions"}],"predecessor-version":[{"id":110147,"href":"https:\/\/tvbrazilusa.com\/pt\/wp-json\/wp\/v2\/posts\/110145\/revisions\/110147"}],"wp:featuredmedia":[{"embeddable":true,"href":"https:\/\/tvbrazilusa.com\/pt\/wp-json\/wp\/v2\/media\/110146"}],"wp:attachment":[{"href":"https:\/\/tvbrazilusa.com\/pt\/wp-json\/wp\/v2\/media?parent=110145"}],"wp:term":[{"taxonomy":"category","embeddable":true,"href":"https:\/\/tvbrazilusa.com\/pt\/wp-json\/wp\/v2\/categories?post=110145"},{"taxonomy":"post_tag","embeddable":true,"href":"https:\/\/tvbrazilusa.com\/pt\/wp-json\/wp\/v2\/tags?post=110145"}],"curies":[{"name":"wp","href":"https:\/\/api.w.org\/{rel}","templated":true}]}}