{"id":110148,"date":"2025-03-11T15:46:56","date_gmt":"2025-03-11T15:46:56","guid":{"rendered":"https:\/\/tvbrazilusa.com\/2025\/03\/11\/o-tenente-do-jso-dispara-em-caminhao-apos-contato-na-i-95-disse-a-policia-jacksonville-hoje\/"},"modified":"2025-03-11T15:52:02","modified_gmt":"2025-03-11T15:52:02","slug":"o-tenente-do-jso-dispara-em-caminhao-apos-contato-na-i-95-disse-a-policia-jacksonville-hoje","status":"publish","type":"post","link":"https:\/\/tvbrazilusa.com\/pt\/2025\/03\/11\/o-tenente-do-jso-dispara-em-caminhao-apos-contato-na-i-95-disse-a-policia-jacksonville-hoje\/","title":{"rendered":"O tenente do JSO dispara em caminh\u00e3o ap\u00f3s &#8220;contato&#8221; na I-95, disse a pol\u00edcia | Jacksonville hoje"},"content":{"rendered":"<p> <script async src=\"https:\/\/pagead2.googlesyndication.com\/pagead\/js\/adsbygoogle.js?client=ca-pub-8864793242727901\"\r\n     crossorigin=\"anonymous\"><\/script><br \/>\n<\/p>\n<div>\n<p>Um tiro policial que rosnou o tr\u00e1fego da I-95 na dire\u00e7\u00e3o sul permanece sob investiga\u00e7\u00e3o quando a pol\u00edcia tenta reunir por que um tenente da pol\u00edcia de Jacksonville disparou sua arma contra um caminh\u00e3o depois que seus ve\u00edculos se uniram.<\/p>\n<p>O tiroteio e a investiga\u00e7\u00e3o que se seguiram fizeram o tr\u00e1fego fazer backup por horas na interestadual sul, enquanto a pol\u00edcia bloqueava faixas e camisa na rodovia fora da Atlantic Boulevard, em San Marco.<\/p>\n<p>O incidente come\u00e7ou por volta das 16h, quando um motorista de caminh\u00e3o de 70 anos se dirigiu a Cape Coral, entrou em contato com o tenente do escrit\u00f3rio do xerife de folga na I-95 South, disse o chefe Alan Parker.<\/p>\n<p>&#8220;Parece que eles podem ter contatado um ao outro mais de uma vez&#8221;, disse Parker a rep\u00f3rteres ap\u00f3s o tiroteio. \u201cDurante esse incidente, o tenente saiu de seu ve\u00edculo e, em algum momento desse incidente, ele contratou o caminh\u00e3o semi; Ele disparou quatro rodadas no caminh\u00e3o. O motorista n\u00e3o ficou ferido; n\u00e3o estava ferido ou nada. A rodada entrou em uma esp\u00e9cie de lado da frente, onde est\u00e1 o motor. \u201d <\/p>\n<p>Este foi o quarto oficial do tenente em seus 21 anos de carreira e o segundo at\u00e9 agora este ano para o escrit\u00f3rio do xerife. O motorista do caminh\u00e3o n\u00e3o foi acusado de nada, disse Parker.<\/p>\n<p>Parker disse que n\u00e3o sabia o que levou ao incidente, ou que tipo de contato ocorreu entre o caminh\u00e3o e o ve\u00edculo do tenente na movimentada interestadual. Parece que Crawford foi a \u00fanica pessoa que demitiu, disse Parker. A pol\u00edcia n\u00e3o tem v\u00eddeo corporal, j\u00e1 que os tenentes n\u00e3o usam o dispositivo, enquanto o motorista do caminh\u00e3o trabalhava com a pol\u00edcia para baixar o v\u00eddeo da c\u00e2mera de seu ve\u00edculo, diz Parker.<\/p>\n<p>A pol\u00edcia est\u00e1 tentando rastrear testemunhas do tiroteio como parte da investiga\u00e7\u00e3o cont\u00ednua do escrit\u00f3rio do xerife depois de receber &#8220;v\u00e1rias liga\u00e7\u00f5es 911&#8221; sobre o que foi visto na movimentada interestadual, ao sul do centro da cidade. <\/p>\n<p>O tenente foi tratado por uma les\u00e3o no ombro sofrida no incidente, disse Parker.<\/p>\n<\/div>\n<p><br \/>\n<br \/><a href=\"https:\/\/jaxtoday.org\/2025\/03\/11\/jso-lieutenant-fires-at-truck-after-contact-on-i-95-police-said\/\">Source link <\/a><\/p>","protected":false},"excerpt":{"rendered":"<p>Um tiro policial que rosnou o tr\u00e1fego da I-95 na dire\u00e7\u00e3o sul permanece sob investiga\u00e7\u00e3o quando a pol\u00edcia tenta reunir por que um tenente da pol\u00edcia de Jacksonville disparou sua&hellip;<\/p>","protected":false},"author":1,"featured_media":110149,"comment_status":"closed","ping_status":"open","sticky":false,"template":"","format":"standard","meta":{"content-type":"","footnotes":""},"categories":[1],"tags":[],"class_list":["post-110148","post","type-post","status-publish","format-standard","has-post-thumbnail","hentry","category-uncategorized"],"_links":{"self":[{"href":"https:\/\/tvbrazilusa.com\/pt\/wp-json\/wp\/v2\/posts\/110148","targetHints":{"allow":["GET"]}}],"collection":[{"href":"https:\/\/tvbrazilusa.com\/pt\/wp-json\/wp\/v2\/posts"}],"about":[{"href":"https:\/\/tvbrazilusa.com\/pt\/wp-json\/wp\/v2\/types\/post"}],"author":[{"embeddable":true,"href":"https:\/\/tvbrazilusa.com\/pt\/wp-json\/wp\/v2\/users\/1"}],"replies":[{"embeddable":true,"href":"https:\/\/tvbrazilusa.com\/pt\/wp-json\/wp\/v2\/comments?post=110148"}],"version-history":[{"count":1,"href":"https:\/\/tvbrazilusa.com\/pt\/wp-json\/wp\/v2\/posts\/110148\/revisions"}],"predecessor-version":[{"id":110150,"href":"https:\/\/tvbrazilusa.com\/pt\/wp-json\/wp\/v2\/posts\/110148\/revisions\/110150"}],"wp:featuredmedia":[{"embeddable":true,"href":"https:\/\/tvbrazilusa.com\/pt\/wp-json\/wp\/v2\/media\/110149"}],"wp:attachment":[{"href":"https:\/\/tvbrazilusa.com\/pt\/wp-json\/wp\/v2\/media?parent=110148"}],"wp:term":[{"taxonomy":"category","embeddable":true,"href":"https:\/\/tvbrazilusa.com\/pt\/wp-json\/wp\/v2\/categories?post=110148"},{"taxonomy":"post_tag","embeddable":true,"href":"https:\/\/tvbrazilusa.com\/pt\/wp-json\/wp\/v2\/tags?post=110148"}],"curies":[{"name":"wp","href":"https:\/\/api.w.org\/{rel}","templated":true}]}}