{"id":110327,"date":"2025-03-12T02:19:54","date_gmt":"2025-03-12T02:19:54","guid":{"rendered":"https:\/\/tvbrazilusa.com\/2025\/03\/12\/video-de-folia-da-primeira-dama-de-manaus-no-caribe-vaza-e-vira-escandalo\/"},"modified":"2025-03-12T02:19:55","modified_gmt":"2025-03-12T02:19:55","slug":"video-de-folia-da-primeira-dama-de-manaus-no-caribe-vaza-e-vira-escandalo","status":"publish","type":"post","link":"https:\/\/tvbrazilusa.com\/pt\/2025\/03\/12\/video-de-folia-da-primeira-dama-de-manaus-no-caribe-vaza-e-vira-escandalo\/","title":{"rendered":"V\u00eddeo de folia da primeira-dama de Manaus no Caribe vaza e vira esc\u00e2ndalo"},"content":{"rendered":"<p> <script async src=\"https:\/\/pagead2.googlesyndication.com\/pagead\/js\/adsbygoogle.js?client=ca-pub-8864793242727901\"\r\n     crossorigin=\"anonymous\"><\/script><br \/>\n<\/p>\n<div id=\"taboola-read-more\" style=\"display:block; width:100%\">\n<p>Enfrentando um per\u00edodo de fortes chuvas e alagamentos, Manaus vive, nestes dias, um clima de agita\u00e7\u00e3o pol\u00edtica por causa do Carnaval do prefeito, David Almeida, do Avante, e da primeira-dama Izabelle Fontenelle.\n<\/p>\n<p>Segundo a imprensa do estado, o mandat\u00e1rio havia anunciado que faria um retiro espiritual durante o per\u00edodo de folia. Nos \u00faltimos dias, no entanto, um v\u00eddeo da primeira-dama dan\u00e7ando em uma festa regada a champagne no Nikki Beach Saint Barth, um famoso clube de luxo no Caribe, mostrou que o retiro envolvia outras coisas mais. As imagens foram publicadas no dia 1\u00ba de mar\u00e7o nas redes sociais (veja abaixo) e mostram Izabelle em um clima nada, digamos, espiritual.<\/p>\n<p>Diante da repercuss\u00e3o, a Prefeitura de Manaus divulgou uma nota de esclarecimento, afirmando que nunca declarou oficialmente que o prefeito estaria em um retiro espiritual. Segundo o comunicado, Almeida estava em uma viagem de car\u00e1ter pessoal, custeada de forma particular, e seu afastamento foi feito de maneira legal, com of\u00edcio encaminhado \u00e0 C\u00e2mara Municipal de Manaus no dia 27 de fevereiro.\n<\/p>\n<p>O caso ganhou ares de esc\u00e2ndalo pol\u00edtico. Nesta ter\u00e7a, o deputado Capit\u00e3o Alberto Neto (PL-AM),apresentou representa\u00e7\u00e3o ao MPF para que investigue o prefeito por poss\u00edveis crimes de improbidade administrativa, corrup\u00e7\u00e3o passiva, peculato e outros atos il\u00edcitos.\n<\/p>\n<p>\u201cAcabei de fazer uma den\u00fancia para que o MPF possa investigar, junto com a Pol\u00edcia Federal, poss\u00edveis crimes como improbidade administrativa e corrup\u00e7\u00e3o passiva na Prefeitura de Manaus\u201d, disse.\n<\/p>\n<p>O parlamentar cita o poss\u00edvel recebimento de vantagem indevida por parte do prefeito, que teria viajado com empres\u00e1rios para o Caribe.\n<\/p>\n<p>\u201cIsso precisa ser investigado. \u00c9 o nosso dinheiro que est\u00e1 em jogo. N\u00e3o \u00e9 normal e nem moral o prefeito da cidade de Manaus, que \u00e9 respons\u00e1vel por fazer a gest\u00e3o do dinheiro p\u00fablico, o nosso dinheiro, viajar com empres\u00e1rios que fornecem para prefeitura de Manaus\u201d, enfatizou.\n<\/p>\n<p>Alberto Neto destacou que durante o per\u00edodo da viagem, a cidade de Manaus enfrentava situa\u00e7\u00f5es de calamidade p\u00fablica, incluindo alagamentos, deslizamentos de barrancos, queda de muros e milhares de pessoas desabrigadas, fatos que necessitavam da presen\u00e7a do chefe do executivo municipal na condu\u00e7\u00e3o de solu\u00e7\u00f5es efetivas.\n<\/p>\n<p>\u201cManaus passou por uma chuva torrencial enquanto o prefeito viajava para o Caribe. Em nenhum momento ele cancelou a sua viagem para cuidar das pessoas, pessoas que ficaram desabrigadas. Como l\u00edder ele tinha a obriga\u00e7\u00e3o de estar presente e dar um direcionamento para que a prefeitura pudesse salvar e abrigar essas pessoas\u201d, diz.\n<\/p>\n<p>O parlamentar pede a quebra de sigilo banc\u00e1rio e fiscal do prefeito de Manaus, a requisi\u00e7\u00e3o de contratos administrativos entre a Prefeitura de Manaus e os fornecedores que supostamente financiaram as despesas da viagem, determina\u00e7\u00e3o de afastamento do cargo p\u00fablico e encaminhamento da investiga\u00e7\u00e3o \u00e0 Justi\u00e7a Federal.\n<\/p>\n<p>\u201cAs condutas denunciadas ferem os princ\u00edpios b\u00e1sicos da administra\u00e7\u00e3o p\u00fablica e geram preju\u00edzos \u00e0 popula\u00e7\u00e3o. O MPF vai investigar peculato, se os empres\u00e1rios est\u00e3o obtendo vantagens, se os contratos est\u00e3o com os valores devidos, se est\u00e1 tendo direcionamento em algumas licita\u00e7\u00f5es, lavagem de dinheiro, viola\u00e7\u00f5es na lei de licita\u00e7\u00e3o. Tudo isso precisa ser investigado pois n\u00e3o \u00e9 normal e nem moral viajar com fornecedores da prefeitura e viagens car\u00edssimas que o sal\u00e1rio do prefeito n\u00e3o tem condi\u00e7\u00f5es de pagar\u201d, diz Capit\u00e3o Alberto.\n<\/p>\n<p>Fonte: Veja              <\/p>\n<\/div>\n<p><br \/>\n<br \/><a href=\"https:\/\/diariodobrasilnoticias.com.br\/noticia\/video-de-folia-da-primeira-dama-de-manaus-no-caribe-vaza-e-vira-escandalo-67d0c09013b81\">Source link <\/a><\/p>","protected":false},"excerpt":{"rendered":"<p>Enfrentando um per\u00edodo de fortes chuvas e alagamentos, Manaus vive, nestes dias, um clima de agita\u00e7\u00e3o pol\u00edtica por causa do Carnaval do prefeito, David Almeida, do Avante, e da primeira-dama&hellip;<\/p>","protected":false},"author":1,"featured_media":110328,"comment_status":"closed","ping_status":"open","sticky":false,"template":"","format":"standard","meta":{"content-type":"","footnotes":""},"categories":[16],"tags":[123,2448,5313,1267],"class_list":["post-110327","post","type-post","status-publish","format-standard","has-post-thumbnail","hentry","category-noticias","tag-brasil","tag-diario","tag-noticia","tag-noticias"],"_links":{"self":[{"href":"https:\/\/tvbrazilusa.com\/pt\/wp-json\/wp\/v2\/posts\/110327","targetHints":{"allow":["GET"]}}],"collection":[{"href":"https:\/\/tvbrazilusa.com\/pt\/wp-json\/wp\/v2\/posts"}],"about":[{"href":"https:\/\/tvbrazilusa.com\/pt\/wp-json\/wp\/v2\/types\/post"}],"author":[{"embeddable":true,"href":"https:\/\/tvbrazilusa.com\/pt\/wp-json\/wp\/v2\/users\/1"}],"replies":[{"embeddable":true,"href":"https:\/\/tvbrazilusa.com\/pt\/wp-json\/wp\/v2\/comments?post=110327"}],"version-history":[{"count":1,"href":"https:\/\/tvbrazilusa.com\/pt\/wp-json\/wp\/v2\/posts\/110327\/revisions"}],"predecessor-version":[{"id":110329,"href":"https:\/\/tvbrazilusa.com\/pt\/wp-json\/wp\/v2\/posts\/110327\/revisions\/110329"}],"wp:featuredmedia":[{"embeddable":true,"href":"https:\/\/tvbrazilusa.com\/pt\/wp-json\/wp\/v2\/media\/110328"}],"wp:attachment":[{"href":"https:\/\/tvbrazilusa.com\/pt\/wp-json\/wp\/v2\/media?parent=110327"}],"wp:term":[{"taxonomy":"category","embeddable":true,"href":"https:\/\/tvbrazilusa.com\/pt\/wp-json\/wp\/v2\/categories?post=110327"},{"taxonomy":"post_tag","embeddable":true,"href":"https:\/\/tvbrazilusa.com\/pt\/wp-json\/wp\/v2\/tags?post=110327"}],"curies":[{"name":"wp","href":"https:\/\/api.w.org\/{rel}","templated":true}]}}