{"id":110330,"date":"2025-03-12T02:32:34","date_gmt":"2025-03-12T02:32:34","guid":{"rendered":"https:\/\/tvbrazilusa.com\/2025\/03\/12\/garoto-desaparecido-ha-sete-anos-e-encontrado-apos-aparicao-em-serie-de-tv\/"},"modified":"2025-03-12T02:32:35","modified_gmt":"2025-03-12T02:32:35","slug":"garoto-desaparecido-ha-sete-anos-e-encontrado-apos-aparicao-em-serie-de-tv","status":"publish","type":"post","link":"https:\/\/tvbrazilusa.com\/pt\/2025\/03\/12\/garoto-desaparecido-ha-sete-anos-e-encontrado-apos-aparicao-em-serie-de-tv\/","title":{"rendered":"Garoto desaparecido h\u00e1 sete anos \u00e9 encontrado ap\u00f3s apari\u00e7\u00e3o em s\u00e9rie de TV"},"content":{"rendered":"<p> <script async src=\"https:\/\/pagead2.googlesyndication.com\/pagead\/js\/adsbygoogle.js?client=ca-pub-8864793242727901\"\r\n     crossorigin=\"anonymous\"><\/script><br \/>\n<\/p>\n<div id=\"taboola-read-more\" style=\"display:block; width:100%\">\n<p>Ap\u00f3s quase sete anos desaparecido, Abdul Aziz Khan, de 14 anos, foi localizado pela pol\u00edcia no estado do Colorado, nos Estados Unidos. O caso do menino, sequestrado pela pr\u00f3pria m\u00e3e em 2017, ganhou repercuss\u00e3o internacional ap\u00f3s ser retratado na s\u00e9rie documental \u201cMist\u00e9rios sem Solu\u00e7\u00e3o\u201d.\n<\/p>\n<p>A crian\u00e7a, que desapareceu em Atlanta, Ge\u00f3rgia, foi encontrada a mais de 2.300 quil\u00f4metros de dist\u00e2ncia, no condado de Douglas, Colorado. A descoberta ocorreu quando policiais atenderam a uma den\u00fancia de invas\u00e3o a um im\u00f3vel \u00e0 venda e flagraram a m\u00e3e do garoto, Rabia Khalid, acompanhada de seu atual marido, Elliot Bourgeois.<\/p>\n<p>Reencontro ap\u00f3s anos de busca<br \/>A fam\u00edlia paterna de Aziz celebrou o reencontro e expressou gratid\u00e3o pelo apoio recebido ao longo dos anos. Em comunicado ao Centro Nacional para Crian\u00e7as Desaparecidas e Exploradas, os parentes pediram privacidade para seguir com o processo de recupera\u00e7\u00e3o emocional.\n<\/p>\n<p>\u201cEstamos emocionados e cheios de alegria por Aziz finalmente ter sido encontrado. Agradecemos a todos que nos apoiaram nesses sete anos. Agora, precisamos de tempo para nos curarmos juntos\u201d, declarou a fam\u00edlia.\n<\/p>\n<p>Como a pol\u00edcia encontrou a crian\u00e7a?<br \/>A pol\u00edcia do Condado de Douglas foi acionada em 23 de fevereiro de 2025, quando o dono de uma casa \u00e0 venda relatou que c\u00e2meras de seguran\u00e7a haviam registrado a entrada ilegal de duas pessoas no im\u00f3vel.\n<\/p>\n<p>Ao chegarem ao local, os agentes encontraram duas crian\u00e7as dentro de um carro estacionado na garagem, enquanto dois adultos sa\u00edam da casa. Durante a abordagem, o casal forneceu identidades falsas, mas os policiais logo descobriram que Rabia Khalid tinha um mandado de pris\u00e3o por sequestro.\n<\/p>\n<p>Rabia e Elliot foram detidos e agora enfrentam acusa\u00e7\u00f5es de sequestro, falsifica\u00e7\u00e3o, roubo de identidade e invas\u00e3o de propriedade.\n<\/p>\n<p>Por que a crian\u00e7a foi sequestrada pela m\u00e3e?<br \/>Aziz desapareceu em 2017, quando tinha apenas 7 anos. Na \u00e9poca, seus pais, Abdul Khan e Rabia Khalid, enfrentavam uma disputa de cust\u00f3dia. Rabia, sem avisar ao ex-marido, levou o menino embora e cortou qualquer contato, deixando poucos rastros.\n<\/p>\n<p>O caso ganhou notoriedade anos depois, quando foi inclu\u00eddo em um epis\u00f3dio da s\u00e9rie \u201cMist\u00e9rios sem Solu\u00e7\u00e3o\u201d e tamb\u00e9m no canal do Centro Nacional para Crian\u00e7as Desaparecidas no YouTube.\n<\/p>\n<p>Em depoimentos \u00e0 s\u00e9rie, o pai de Aziz relatou que o casamento come\u00e7ou a se deteriorar ap\u00f3s o nascimento do filho. Ele explicou que, depois do div\u00f3rcio em 2014, os dois dividiram a guarda da crian\u00e7a, mas Rabia queria se mudar para Atlanta para ficar pr\u00f3xima da fam\u00edlia. \u201cAchei que seria algo tempor\u00e1rio, mas n\u00e3o foi\u201d, disse Abdul Khan.\n<\/p>\n<p>Com a repercuss\u00e3o do caso, a investiga\u00e7\u00e3o ganhou novos contornos, levando \u00e0 descoberta do paradeiro do menino e \u00e0 pris\u00e3o dos respons\u00e1veis por seu sequestro.\n<\/p>\n<p>Fonte: R7              <\/p>\n<\/div>\n<p><br \/>\n<br \/><a href=\"https:\/\/diariodobrasilnoticias.com.br\/noticia\/garoto-desaparecido-ha-sete-anos-e-encontrado-apos-aparicao-em-serie-de-tv-67d0c107161e0\">Source link <\/a><\/p>","protected":false},"excerpt":{"rendered":"<p>Ap\u00f3s quase sete anos desaparecido, Abdul Aziz Khan, de 14 anos, foi localizado pela pol\u00edcia no estado do Colorado, nos Estados Unidos. O caso do menino, sequestrado pela pr\u00f3pria m\u00e3e&hellip;<\/p>","protected":false},"author":1,"featured_media":110331,"comment_status":"closed","ping_status":"open","sticky":false,"template":"","format":"standard","meta":{"content-type":"","footnotes":""},"categories":[16],"tags":[123,2448,5313,1267],"class_list":["post-110330","post","type-post","status-publish","format-standard","has-post-thumbnail","hentry","category-noticias","tag-brasil","tag-diario","tag-noticia","tag-noticias"],"_links":{"self":[{"href":"https:\/\/tvbrazilusa.com\/pt\/wp-json\/wp\/v2\/posts\/110330","targetHints":{"allow":["GET"]}}],"collection":[{"href":"https:\/\/tvbrazilusa.com\/pt\/wp-json\/wp\/v2\/posts"}],"about":[{"href":"https:\/\/tvbrazilusa.com\/pt\/wp-json\/wp\/v2\/types\/post"}],"author":[{"embeddable":true,"href":"https:\/\/tvbrazilusa.com\/pt\/wp-json\/wp\/v2\/users\/1"}],"replies":[{"embeddable":true,"href":"https:\/\/tvbrazilusa.com\/pt\/wp-json\/wp\/v2\/comments?post=110330"}],"version-history":[{"count":1,"href":"https:\/\/tvbrazilusa.com\/pt\/wp-json\/wp\/v2\/posts\/110330\/revisions"}],"predecessor-version":[{"id":110332,"href":"https:\/\/tvbrazilusa.com\/pt\/wp-json\/wp\/v2\/posts\/110330\/revisions\/110332"}],"wp:featuredmedia":[{"embeddable":true,"href":"https:\/\/tvbrazilusa.com\/pt\/wp-json\/wp\/v2\/media\/110331"}],"wp:attachment":[{"href":"https:\/\/tvbrazilusa.com\/pt\/wp-json\/wp\/v2\/media?parent=110330"}],"wp:term":[{"taxonomy":"category","embeddable":true,"href":"https:\/\/tvbrazilusa.com\/pt\/wp-json\/wp\/v2\/categories?post=110330"},{"taxonomy":"post_tag","embeddable":true,"href":"https:\/\/tvbrazilusa.com\/pt\/wp-json\/wp\/v2\/tags?post=110330"}],"curies":[{"name":"wp","href":"https:\/\/api.w.org\/{rel}","templated":true}]}}