{"id":110370,"date":"2025-03-12T11:22:15","date_gmt":"2025-03-12T11:22:15","guid":{"rendered":"https:\/\/tvbrazilusa.com\/2025\/03\/12\/poluicao-do-ar-cidades-da-india-lideram-america-latina-tem-melhora\/"},"modified":"2025-03-12T11:22:16","modified_gmt":"2025-03-12T11:22:16","slug":"poluicao-do-ar-cidades-da-india-lideram-america-latina-tem-melhora","status":"publish","type":"post","link":"https:\/\/tvbrazilusa.com\/pt\/2025\/03\/12\/poluicao-do-ar-cidades-da-india-lideram-america-latina-tem-melhora\/","title":{"rendered":"Polui\u00e7\u00e3o do ar: cidades da \u00cdndia lideram; Am\u00e9rica Latina tem melhora"},"content":{"rendered":"<p> <script async src=\"https:\/\/pagead2.googlesyndication.com\/pagead\/js\/adsbygoogle.js?client=ca-pub-8864793242727901\"\r\n     crossorigin=\"anonymous\"><\/script><br \/>\n<\/p>\n<div id=\"taboola-read-more\" style=\"display:block; width:100%\">\n<p>Apesar de uma melhora em 2024, as cidades da \u00cdndia seguem na lideran\u00e7a do ranking mundial das metr\u00f3poles mais polu\u00eddas por part\u00edculas finas. A ponta da classifica\u00e7\u00e3o tem principalmente grandes centros urbanos do Paquist\u00e3o, al\u00e9m da capital do Chade, N\u00b4Djamena, no centro-norte da \u00c1frica. Os dados integram relat\u00f3rio da empresa su\u00ed\u00e7a IQAir, fabricante de um sensor de qualidade do ar usado internacionalmente.\n<\/p>\n<p>Na \u00cdndia, a concentra\u00e7\u00e3o das PM2,5 (part\u00edculas finas inferiores a 2,5 micr\u00f4metros de di\u00e2metro) atingiu 50,6 microgramas por m\u00b3 (\u00b5g\/m\u00b3) em m\u00e9dia. Esse \u00edndice \u00e9 dez vezes a recomenda\u00e7\u00e3o da Organiza\u00e7\u00e3o Mundial da Sa\u00fade (OMS). O relat\u00f3rio tornou-se p\u00fablico nesta ter\u00e7a-feira, 11. A taxa representa principalmente uma queda de 7% na compara\u00e7\u00e3o com 2023. O pa\u00eds, no entanto, ainda abriga 14 das 20 \u00e1reas urbanas mais polu\u00eddas por essas part\u00edculas prejudiciais \u00e0 sa\u00fade humana.<\/p>\n<p>\u00cdndia tem 6 dos 9 lugares mais polu\u00eddos do mundo<br \/>A \u00e1rea metropolitana de Byrnihat, na \u00cdndia, recebeu a condi\u00e7\u00e3o, por sua vez, de a mais polu\u00edda em 2024, com concentra\u00e7\u00e3o m\u00e9dia anual de PM2,5. O territ\u00f3rio indiano responde por seis das nove cidades mais polu\u00eddas do mundo por essas part\u00edculas. A capital do Chade, N\u2019Djamena (7\u00aa posi\u00e7\u00e3o), e Nova Delhi (9\u00aa posi\u00e7\u00e3o) s\u00e3o as duas capitais mais polu\u00eddas, \u00e0 frente de Daca (Bangladesh), Kinshasa (Rep\u00fablica Democr\u00e1tica do Congo) e Islamabad (Paquist\u00e3o).\n<\/p>\n<p>A \u00e1rea metropolitana com melhor qualidade do ar em 2024 foi Mayag\u00fcez, em Porto Rico, com uma concentra\u00e7\u00e3o de PM2,5 de 1,1 \u00b5g\/m\u00b3. Na Am\u00e9rica Latina, a situa\u00e7\u00e3o evolui positivamente. De modo geral, o cen\u00e1rio melhorou tanto em qualidade quanto na coleta de dados na regi\u00e3o.\n<\/p>\n<p>Brasil compromete avan\u00e7os <br \/>A \u00fanica exce\u00e7\u00e3o apontada no relat\u00f3rio s\u00e3o os persistentes inc\u00eandios florestais no Brasil. \u201cEles impactaram vastas \u00e1reas da Am\u00e9rica Latina, com n\u00edveis de PM2,5 em algumas cidades dos Estados brasileiros de Rond\u00f4nia e Acre que quadruplicaram em setembro\u201d, informa o documento.<\/p>\n<p>Fonte: Revista Oeste              <\/p>\n<\/div>\n<p><br \/>\n<br \/><a href=\"https:\/\/diariodobrasilnoticias.com.br\/noticia\/poluicao-do-ar-cidades-da-india-lideram-america-latina-tem-melhora-67d16871a5961\">Source link <\/a><\/p>","protected":false},"excerpt":{"rendered":"<p>Apesar de uma melhora em 2024, as cidades da \u00cdndia seguem na lideran\u00e7a do ranking mundial das metr\u00f3poles mais polu\u00eddas por part\u00edculas finas. A ponta da classifica\u00e7\u00e3o tem principalmente grandes&hellip;<\/p>","protected":false},"author":1,"featured_media":110371,"comment_status":"closed","ping_status":"open","sticky":false,"template":"","format":"standard","meta":{"content-type":"","footnotes":""},"categories":[16],"tags":[123,2448,5313,1267],"class_list":["post-110370","post","type-post","status-publish","format-standard","has-post-thumbnail","hentry","category-noticias","tag-brasil","tag-diario","tag-noticia","tag-noticias"],"_links":{"self":[{"href":"https:\/\/tvbrazilusa.com\/pt\/wp-json\/wp\/v2\/posts\/110370","targetHints":{"allow":["GET"]}}],"collection":[{"href":"https:\/\/tvbrazilusa.com\/pt\/wp-json\/wp\/v2\/posts"}],"about":[{"href":"https:\/\/tvbrazilusa.com\/pt\/wp-json\/wp\/v2\/types\/post"}],"author":[{"embeddable":true,"href":"https:\/\/tvbrazilusa.com\/pt\/wp-json\/wp\/v2\/users\/1"}],"replies":[{"embeddable":true,"href":"https:\/\/tvbrazilusa.com\/pt\/wp-json\/wp\/v2\/comments?post=110370"}],"version-history":[{"count":1,"href":"https:\/\/tvbrazilusa.com\/pt\/wp-json\/wp\/v2\/posts\/110370\/revisions"}],"predecessor-version":[{"id":110372,"href":"https:\/\/tvbrazilusa.com\/pt\/wp-json\/wp\/v2\/posts\/110370\/revisions\/110372"}],"wp:featuredmedia":[{"embeddable":true,"href":"https:\/\/tvbrazilusa.com\/pt\/wp-json\/wp\/v2\/media\/110371"}],"wp:attachment":[{"href":"https:\/\/tvbrazilusa.com\/pt\/wp-json\/wp\/v2\/media?parent=110370"}],"wp:term":[{"taxonomy":"category","embeddable":true,"href":"https:\/\/tvbrazilusa.com\/pt\/wp-json\/wp\/v2\/categories?post=110370"},{"taxonomy":"post_tag","embeddable":true,"href":"https:\/\/tvbrazilusa.com\/pt\/wp-json\/wp\/v2\/tags?post=110370"}],"curies":[{"name":"wp","href":"https:\/\/api.w.org\/{rel}","templated":true}]}}