{"id":110373,"date":"2025-03-12T11:35:06","date_gmt":"2025-03-12T11:35:06","guid":{"rendered":"https:\/\/tvbrazilusa.com\/2025\/03\/12\/fundador-do-mst-diz-que-lula-3-nao-fez-nada-pela-reforma-agraria\/"},"modified":"2025-03-12T11:35:08","modified_gmt":"2025-03-12T11:35:08","slug":"fundador-do-mst-diz-que-lula-3-nao-fez-nada-pela-reforma-agraria","status":"publish","type":"post","link":"https:\/\/tvbrazilusa.com\/pt\/2025\/03\/12\/fundador-do-mst-diz-que-lula-3-nao-fez-nada-pela-reforma-agraria\/","title":{"rendered":"Fundador do MST diz que Lula 3 n\u00e3o fez \u201cnada\u201d pela reforma agr\u00e1ria"},"content":{"rendered":"<p> <script async src=\"https:\/\/pagead2.googlesyndication.com\/pagead\/js\/adsbygoogle.js?client=ca-pub-8864793242727901\"\r\n     crossorigin=\"anonymous\"><\/script><br \/>\n<\/p>\n<div id=\"taboola-read-more\" style=\"display:block; width:100%\">\n<p>O fundador do MST (Movimento dos Trabalhadores Rurais Sem-Terra), Jo\u00e3o Pedro Stedile, disse em 6 de junho que o governo do presidente Luiz In\u00e1cio Lula da Silva (PT) \u201cn\u00e3o est\u00e1 fazendo nada na reforma agr\u00e1ria\u201d. A declara\u00e7\u00e3o foi dada em entrevista ao portal O Joio e o Trigo.\n<\/p>\n<p>\u201c\u00c9 uma vergonha. N\u00f3s j\u00e1 estamos h\u00e1 um ano e meio, n\u00e3o avan\u00e7amos. Desapropria\u00e7\u00e3o n\u00e3o avan\u00e7ou. O cr\u00e9dito para os assentados n\u00e3o avan\u00e7ou, nem o Pronera [Programa Nacional de Educa\u00e7\u00e3o na Reforma Agr\u00e1ria]. O Pronera \u00e9 o neg\u00f3cio mais civilizat\u00f3rio que qualquer governo de direita pode fazer porque \u00e9 viabilizar o acesso dos jovens camponeses \u00e0 universidade. Ent\u00e3o \u00e9 uma vergonha\u201d, disse Stedile.<\/p>\n<p>O MST apoiou a campanha do petista nas elei\u00e7\u00f5es de 2022. Quatorze meses depois do in\u00edcio do 3\u00ba mandato de Lula, o dirigente do movimento deu nota 3 para a pol\u00edtica de democratiza\u00e7\u00e3o de terra do governo federal.\n<\/p>\n<p>Stedile, contudo, informou que continuar\u00e1 a defender o presidente dos \u201cseus inimigos\u201d \u2013que, em suas palavras, seriam multinacionais, o capital financeiro e o latif\u00fandio.\n<\/p>\n<p>\u201cE n\u00f3s queremos defend\u00ea-lo frente aos seus inimigos. Agora, o governo como um todo est\u00e1 aqu\u00e9m da nossa expectativa, da classe trabalhadora, em geral\u201d, disse.\n<\/p>\n<p>O fundador do MST tamb\u00e9m afirmou que, pela composi\u00e7\u00e3o de classe, o governo n\u00e3o tem consci\u00eancia das diferen\u00e7as entre a agricultura familiar e o agroneg\u00f3cio.\n<\/p>\n<p>\u201cJ\u00e1 perdi a paci\u00eancia de ouvir ministro dizer que n\u00e3o h\u00e1 incompatibilidade entre a agricultura familiar e o agroneg\u00f3cio. O agroneg\u00f3cio usando agrot\u00f3xico \u00e9 incompat\u00edvel com o vizinho de dez hectares que n\u00e3o usa, porque ele vai contaminar, vai matar a biodiversidade\u201d, afirmou.\n<\/p>\n<p><em>Com informa\u00e7\u00f5es do Poder360<\/em>              <\/p>\n<\/div>\n<p><br \/>\n<br \/><a href=\"https:\/\/diariodobrasilnoticias.com.br\/noticia\/fundador-do-mst-diz-que-lula-3-nao-fez-nada-pela-reforma-agraria-67d170269d48b\">Source link <\/a><\/p>","protected":false},"excerpt":{"rendered":"<p>O fundador do MST (Movimento dos Trabalhadores Rurais Sem-Terra), Jo\u00e3o Pedro Stedile, disse em 6 de junho que o governo do presidente Luiz In\u00e1cio Lula da Silva (PT) \u201cn\u00e3o est\u00e1&hellip;<\/p>","protected":false},"author":1,"featured_media":110374,"comment_status":"closed","ping_status":"open","sticky":false,"template":"","format":"standard","meta":{"content-type":"","footnotes":""},"categories":[16],"tags":[123,2448,5313,1267],"class_list":["post-110373","post","type-post","status-publish","format-standard","has-post-thumbnail","hentry","category-noticias","tag-brasil","tag-diario","tag-noticia","tag-noticias"],"_links":{"self":[{"href":"https:\/\/tvbrazilusa.com\/pt\/wp-json\/wp\/v2\/posts\/110373","targetHints":{"allow":["GET"]}}],"collection":[{"href":"https:\/\/tvbrazilusa.com\/pt\/wp-json\/wp\/v2\/posts"}],"about":[{"href":"https:\/\/tvbrazilusa.com\/pt\/wp-json\/wp\/v2\/types\/post"}],"author":[{"embeddable":true,"href":"https:\/\/tvbrazilusa.com\/pt\/wp-json\/wp\/v2\/users\/1"}],"replies":[{"embeddable":true,"href":"https:\/\/tvbrazilusa.com\/pt\/wp-json\/wp\/v2\/comments?post=110373"}],"version-history":[{"count":1,"href":"https:\/\/tvbrazilusa.com\/pt\/wp-json\/wp\/v2\/posts\/110373\/revisions"}],"predecessor-version":[{"id":110375,"href":"https:\/\/tvbrazilusa.com\/pt\/wp-json\/wp\/v2\/posts\/110373\/revisions\/110375"}],"wp:featuredmedia":[{"embeddable":true,"href":"https:\/\/tvbrazilusa.com\/pt\/wp-json\/wp\/v2\/media\/110374"}],"wp:attachment":[{"href":"https:\/\/tvbrazilusa.com\/pt\/wp-json\/wp\/v2\/media?parent=110373"}],"wp:term":[{"taxonomy":"category","embeddable":true,"href":"https:\/\/tvbrazilusa.com\/pt\/wp-json\/wp\/v2\/categories?post=110373"},{"taxonomy":"post_tag","embeddable":true,"href":"https:\/\/tvbrazilusa.com\/pt\/wp-json\/wp\/v2\/tags?post=110373"}],"curies":[{"name":"wp","href":"https:\/\/api.w.org\/{rel}","templated":true}]}}