{"id":110376,"date":"2025-03-12T11:48:32","date_gmt":"2025-03-12T11:48:32","guid":{"rendered":"https:\/\/tvbrazilusa.com\/2025\/03\/12\/americanas-inicia-processo-de-cobranca-contra-ex-diretores-por-fraude\/"},"modified":"2025-03-12T11:48:34","modified_gmt":"2025-03-12T11:48:34","slug":"americanas-inicia-processo-de-cobranca-contra-ex-diretores-por-fraude","status":"publish","type":"post","link":"https:\/\/tvbrazilusa.com\/pt\/2025\/03\/12\/americanas-inicia-processo-de-cobranca-contra-ex-diretores-por-fraude\/","title":{"rendered":"Americanas inicia processo de cobran\u00e7a contra ex-diretores por fraude"},"content":{"rendered":"<p> <script async src=\"https:\/\/pagead2.googlesyndication.com\/pagead\/js\/adsbygoogle.js?client=ca-pub-8864793242727901\"\r\n     crossorigin=\"anonymous\"><\/script><br \/>\n<\/p>\n<div id=\"taboola-read-more\" style=\"display:block; width:100%\">\n<p>A Americanas anunciou nesta ter\u00e7a-feira (11), que deu in\u00edcio a um processo arbitral para responsabilizar ex-dirigentes da companhia por danos materiais e imateriais causados no contexto da fraude cont\u00e1bil bilion\u00e1ria. A apura\u00e7\u00e3o \u00e9 da ag\u00eancia de not\u00edcias Reuters.\n<\/p>\n<p>Em comunicado ao mercado, a empresa menciona os ex-executivos da Americanas Miguel Gutierrez, Anna Saicali, Jos\u00e9 Tim\u00f3theo de Barros e M\u00e1rcio Cruz Meirelles.<\/p>\n<p>O procedimento instaurado nesta ter\u00e7a-feira solicita o pagamento de indeniza\u00e7\u00f5es \u00e0 companhia pelos danos gerados pela fraude cont\u00e1bil e \u201cdemais il\u00edcitos\u201d cometidos em 2022, al\u00e9m do ressarcimento das custas e das despesas da companhia na arbitragem.\n<\/p>\n<p>\u201cA companhia buscar\u00e1 ser integralmente ressarcida de todos os danos materiais e imateriais sofridos em decorr\u00eancia dos atos il\u00edcitos praticados, e que ser\u00e3o ainda detalhadamente apresentados durante a tramita\u00e7\u00e3o do procedimento\u201d, afirmou a Americanas.\n<\/p>\n<p>A ag\u00eancia tentou contato com os advogados de Anna Saicali e Miguel Gutierrez, mas n\u00e3o obteve resposta imediata.\n<\/p>\n<p>J\u00e1 a defesa de Jos\u00e9 Tim\u00f3theo de Barros alegou que a companhia \u201cfoi usada\u201d desde a divulga\u00e7\u00e3o do Fato Relevante de 11 de janeiro de 2023 \u2014 data em que a Americanas revelou pela primeira vez as inconsist\u00eancias cont\u00e1beis \u2014 \u201cpara satisfa\u00e7\u00e3o de interesses esp\u00farios de poucos\u201d.\n<\/p>\n<p>Por sua vez, o advogado de M\u00e1rcio Cruz Meirelles afirmou que ainda n\u00e3o teve acesso ao procedimento.\n<\/p>\n<p>A Americanas est\u00e1 envolvida em um esc\u00e2ndalo cont\u00e1bil que resultou em sua recupera\u00e7\u00e3o judicial e em investiga\u00e7\u00f5es conduzidas pela Pol\u00edcia Federal (PF) e pela Comiss\u00e3o de Valores Mobili\u00e1rios (CVM), que em outubro acusou os quatro e outros ex-dirigentes de utilizarem informa\u00e7\u00f5es privilegiadas (insider trading).\n<\/p>\n<p>Com informa\u00e7\u00f5es de Revista Oeste              <\/p>\n<\/div>\n<p><br \/>\n<br \/><a href=\"https:\/\/diariodobrasilnoticias.com.br\/noticia\/americanas-inicia-processo-de-cobranca-contra-ex-diretores-por-fraude-67d1727d68068\">Source link <\/a><\/p>","protected":false},"excerpt":{"rendered":"<p>A Americanas anunciou nesta ter\u00e7a-feira (11), que deu in\u00edcio a um processo arbitral para responsabilizar ex-dirigentes da companhia por danos materiais e imateriais causados no contexto da fraude cont\u00e1bil bilion\u00e1ria.&hellip;<\/p>","protected":false},"author":1,"featured_media":110377,"comment_status":"closed","ping_status":"open","sticky":false,"template":"","format":"standard","meta":{"content-type":"","footnotes":""},"categories":[16],"tags":[123,2448,5313,1267],"class_list":["post-110376","post","type-post","status-publish","format-standard","has-post-thumbnail","hentry","category-noticias","tag-brasil","tag-diario","tag-noticia","tag-noticias"],"_links":{"self":[{"href":"https:\/\/tvbrazilusa.com\/pt\/wp-json\/wp\/v2\/posts\/110376","targetHints":{"allow":["GET"]}}],"collection":[{"href":"https:\/\/tvbrazilusa.com\/pt\/wp-json\/wp\/v2\/posts"}],"about":[{"href":"https:\/\/tvbrazilusa.com\/pt\/wp-json\/wp\/v2\/types\/post"}],"author":[{"embeddable":true,"href":"https:\/\/tvbrazilusa.com\/pt\/wp-json\/wp\/v2\/users\/1"}],"replies":[{"embeddable":true,"href":"https:\/\/tvbrazilusa.com\/pt\/wp-json\/wp\/v2\/comments?post=110376"}],"version-history":[{"count":1,"href":"https:\/\/tvbrazilusa.com\/pt\/wp-json\/wp\/v2\/posts\/110376\/revisions"}],"predecessor-version":[{"id":110378,"href":"https:\/\/tvbrazilusa.com\/pt\/wp-json\/wp\/v2\/posts\/110376\/revisions\/110378"}],"wp:featuredmedia":[{"embeddable":true,"href":"https:\/\/tvbrazilusa.com\/pt\/wp-json\/wp\/v2\/media\/110377"}],"wp:attachment":[{"href":"https:\/\/tvbrazilusa.com\/pt\/wp-json\/wp\/v2\/media?parent=110376"}],"wp:term":[{"taxonomy":"category","embeddable":true,"href":"https:\/\/tvbrazilusa.com\/pt\/wp-json\/wp\/v2\/categories?post=110376"},{"taxonomy":"post_tag","embeddable":true,"href":"https:\/\/tvbrazilusa.com\/pt\/wp-json\/wp\/v2\/tags?post=110376"}],"curies":[{"name":"wp","href":"https:\/\/api.w.org\/{rel}","templated":true}]}}