{"id":110379,"date":"2025-03-12T12:01:18","date_gmt":"2025-03-12T12:01:18","guid":{"rendered":"https:\/\/tvbrazilusa.com\/2025\/03\/12\/jose-dirceu-afirma-que-operacoes-e-impeachment-afastaram-pt-do-poder\/"},"modified":"2025-03-12T12:01:19","modified_gmt":"2025-03-12T12:01:19","slug":"jose-dirceu-afirma-que-operacoes-e-impeachment-afastaram-pt-do-poder","status":"publish","type":"post","link":"https:\/\/tvbrazilusa.com\/pt\/2025\/03\/12\/jose-dirceu-afirma-que-operacoes-e-impeachment-afastaram-pt-do-poder\/","title":{"rendered":"Jos\u00e9 Dirceu afirma que opera\u00e7\u00f5es e impeachment afastaram PT do poder"},"content":{"rendered":"<p> <script async src=\"https:\/\/pagead2.googlesyndication.com\/pagead\/js\/adsbygoogle.js?client=ca-pub-8864793242727901\"\r\n     crossorigin=\"anonymous\"><\/script><br \/>\n<\/p>\n<div id=\"taboola-read-more\" style=\"display:block; width:100%\">\n<p>O ex-deputado federal Jos\u00e9 Dirceu (PT-SP) disse que o PT s\u00f3 n\u00e3o governa desde 2002 sem interrup\u00e7\u00f5es por causa do \u201cgolpe de 2016\u201d, em refer\u00eancia ao impeachment da ex-presidente Dilma Rousseff (PT), e da opera\u00e7\u00e3o Lava Jato, que prendeu o presidente Luiz In\u00e1cio Lula da Silva (PT) em 2018.\n<\/p>\n<p>A fala foi durante o discurso de Dirceu na festa de comemora\u00e7\u00e3o de seu anivers\u00e1rio, na noite desta 3\u00aa feira (11.mar.2025), no Contexto Bar e Restaurante, no Setor de Clubes Esportivos Sul, em Bras\u00edlia.<\/p>\n<p>Para Dirceu, houve um rompimento do \u201cpacto pol\u00edtico democr\u00e1tico\u201d em 2016, no impeachment de Dilma, e com a Lava Jato. \u201cSonham com o Brasil de Trump e de Milei para romper o pacto social. N\u00f3s somos herdeiros dessas lutas (dos trabalhadores), e n\u00f3s temos uma responsabilidade hist\u00f3rica\u201d, declarou.\n<\/p>\n<p>O ex-deputado afirmou que o pa\u00eds est\u00e1 com a \u201csoberania amea\u00e7ada\u201d. \u201cO momento que n\u00f3s vivemos no mundo \u00e9 um momento que os temores da guerra est\u00e3o batendo como nas d\u00e9cadas de 20 e 30, que o fascismo da extrema direita vai tomando governos de v\u00e1rios pa\u00edses\u201d, disse.\n<\/p>\n<p>O petista ainda citou o apoio de bolsonaristas ao presidente estadunidense Donald Trump. \u201cV\u00e3o aos Estados Unidos pregar a trai\u00e7\u00e3o nacional, a interven\u00e7\u00e3o dos Estados Unidos, das big techs nos assuntos nacionais\u201d, afirmou.\n<\/p>\n<p>O PT trabalha para barrar Eduardo Bolsonaro (PL-SP) da Comiss\u00e3o de Rela\u00e7\u00f5es Exteriores da C\u00e2mara dos Deputados por causa da atua\u00e7\u00e3o do deputado nos Estados Unidos pela aprova\u00e7\u00e3o da lei que pode atingir o ministro do STF Alexandre de Moraes.\n<\/p>\n<p>Dirceu ainda criticou a poss\u00edvel candidatura a presidente do governador de S\u00e3o Paulo, Tarc\u00edsio de Freitas (Republicanos), como alternativa ao bolsonarismo. \u201cNa verdade, ele \u00e9 o pr\u00f3prio Bolsonarismo\u201d, disse.\n<\/p>\n<p><strong>Poder 360<\/strong>              <\/p>\n<\/div>\n<p><br \/>\n<br \/><a href=\"https:\/\/diariodobrasilnoticias.com.br\/noticia\/jose-dirceu-afirma-que-operacoes-e-impeachment-afastaram-pt-do-poder-67d15fc062d0b\">Source link <\/a><\/p>","protected":false},"excerpt":{"rendered":"<p>O ex-deputado federal Jos\u00e9 Dirceu (PT-SP) disse que o PT s\u00f3 n\u00e3o governa desde 2002 sem interrup\u00e7\u00f5es por causa do \u201cgolpe de 2016\u201d, em refer\u00eancia ao impeachment da ex-presidente Dilma&hellip;<\/p>","protected":false},"author":1,"featured_media":110380,"comment_status":"closed","ping_status":"open","sticky":false,"template":"","format":"standard","meta":{"content-type":"","footnotes":""},"categories":[16],"tags":[123,2448,5313,1267],"class_list":["post-110379","post","type-post","status-publish","format-standard","has-post-thumbnail","hentry","category-noticias","tag-brasil","tag-diario","tag-noticia","tag-noticias"],"_links":{"self":[{"href":"https:\/\/tvbrazilusa.com\/pt\/wp-json\/wp\/v2\/posts\/110379","targetHints":{"allow":["GET"]}}],"collection":[{"href":"https:\/\/tvbrazilusa.com\/pt\/wp-json\/wp\/v2\/posts"}],"about":[{"href":"https:\/\/tvbrazilusa.com\/pt\/wp-json\/wp\/v2\/types\/post"}],"author":[{"embeddable":true,"href":"https:\/\/tvbrazilusa.com\/pt\/wp-json\/wp\/v2\/users\/1"}],"replies":[{"embeddable":true,"href":"https:\/\/tvbrazilusa.com\/pt\/wp-json\/wp\/v2\/comments?post=110379"}],"version-history":[{"count":1,"href":"https:\/\/tvbrazilusa.com\/pt\/wp-json\/wp\/v2\/posts\/110379\/revisions"}],"predecessor-version":[{"id":110381,"href":"https:\/\/tvbrazilusa.com\/pt\/wp-json\/wp\/v2\/posts\/110379\/revisions\/110381"}],"wp:featuredmedia":[{"embeddable":true,"href":"https:\/\/tvbrazilusa.com\/pt\/wp-json\/wp\/v2\/media\/110380"}],"wp:attachment":[{"href":"https:\/\/tvbrazilusa.com\/pt\/wp-json\/wp\/v2\/media?parent=110379"}],"wp:term":[{"taxonomy":"category","embeddable":true,"href":"https:\/\/tvbrazilusa.com\/pt\/wp-json\/wp\/v2\/categories?post=110379"},{"taxonomy":"post_tag","embeddable":true,"href":"https:\/\/tvbrazilusa.com\/pt\/wp-json\/wp\/v2\/tags?post=110379"}],"curies":[{"name":"wp","href":"https:\/\/api.w.org\/{rel}","templated":true}]}}