{"id":110382,"date":"2025-03-12T12:15:43","date_gmt":"2025-03-12T12:15:43","guid":{"rendered":"https:\/\/tvbrazilusa.com\/2025\/03\/12\/rn-e-portugal-assinam-acordo-para-criacao-de-linha-de-transporte-maritimo\/"},"modified":"2025-03-12T12:15:44","modified_gmt":"2025-03-12T12:15:44","slug":"rn-e-portugal-assinam-acordo-para-criacao-de-linha-de-transporte-maritimo","status":"publish","type":"post","link":"https:\/\/tvbrazilusa.com\/pt\/2025\/03\/12\/rn-e-portugal-assinam-acordo-para-criacao-de-linha-de-transporte-maritimo\/","title":{"rendered":"RN e Portugal assinam acordo para cria\u00e7\u00e3o de linha de transporte mar\u00edtimo"},"content":{"rendered":"<p> <script async src=\"https:\/\/pagead2.googlesyndication.com\/pagead\/js\/adsbygoogle.js?client=ca-pub-8864793242727901\"\r\n     crossorigin=\"anonymous\"><\/script><br \/>\n<\/p>\n<div id=\"taboola-read-more\" style=\"display:block; width:100%\">\n<p>A fim de fortalecer o turismo potiguar como atividade econ\u00f4mica, por meio da cria\u00e7\u00e3o de uma nova rota comercial mar\u00edtima entre os portos de Natal e Set\u00fabal, em Portugal, foi assinado nesta ter\u00e7a-feira (11), no pa\u00eds europeu, um Acordo de Coopera\u00e7\u00e3o T\u00e9cnica entre a Companhia Docas do RN (Codern) e a Administra\u00e7\u00e3o dos Portos de Set\u00fabal e Sesimbra (APSS). O acordo, mediado pelo governo estadual, estabelece as bases para a cria\u00e7\u00e3o de uma linha de transporte mar\u00edtimo regular entre os dois terminais portu\u00e1rios, facilitando o fluxo de mercadorias, e ampliando as rela\u00e7\u00f5es comerciais entre o Rio Grande do Norte e os portugueses.\n<\/p>\n<p>O termo de coopera\u00e7\u00e3o foi assinado pelo vice-governador Walter Alves, como testemunha; pelo presidente da Codern, Paulo Henrique de Macedo Carlos, e pelo presidente do Conselho de Administra\u00e7\u00e3o da APSS, Carlos Alberto do Maio Correia. A parceria prev\u00ea investimentos em infraestrutura, troca de informa\u00e7\u00f5es estrat\u00e9gicas, visitas t\u00e9cnicas e o desenvolvimento de iniciativas nas \u00e1reas de log\u00edstica, marketing, meio ambiente, opera\u00e7\u00e3o portu\u00e1ria, inova\u00e7\u00e3o tecnol\u00f3gica e gest\u00e3o portu\u00e1ria.<\/p>\n<p>Atualmente a Europa \u00e9 o principal mercado importador de frutas potiguares, e a nova rota comercial mar\u00edtima \u00e9 mais uma op\u00e7\u00e3o para a chegada das mercadorias potiguares na Europa, e a importa\u00e7\u00e3o de mercadorias europeias para o RN, ampliando a capacidade log\u00edstica do estado e o fortalecimento da economia local.\n<\/p>\n<p>O presidente da Codern celebrou a formaliza\u00e7\u00e3o do acordo. \u201cEste \u00e9 um momento de grande entusiasmo, pois marca o in\u00edcio de uma parceria estrat\u00e9gica com potencial para impactar positivamente o desenvolvimento econ\u00f4mico do Rio Grande do Norte e do Brasil\u201d, afirmou Paulo Henrique de Macedo Carlos.\n<\/p>\n<p>Ele tamb\u00e9m destacou que o acordo n\u00e3o se limita \u00e0 cria\u00e7\u00e3o de uma nova rota comercial, mas abrange a troca de conhecimento, tecnologia e boas pr\u00e1ticas na gest\u00e3o portu\u00e1ria. \u201cIsso nos permitir\u00e1 otimizar opera\u00e7\u00f5es log\u00edsticas, aprimorar processos e garantir um ambiente de neg\u00f3cios mais competitivo e eficiente\u201d, acrescentou.\n<\/p>\n<p>Presente ao ato de assinatura do acordo, o vice-governador Walter Alves destacou os futuros benef\u00edcios \u00e0 economia potiguar: \u201cCom essa nova rota, haver\u00e1 um crescimento das exporta\u00e7\u00f5es pelo Porto de Natal e redu\u00e7\u00e3o dos custos para os produtores e exportadores de frutas. Consequentemente, dever\u00e1 ocorrer aumento do emprego, da renda e de oportunidades no RN\u201d, destacou.\n<\/p>\n<p>O Porto de Set\u00fabal movimentou, em 2024, 6,5 milh\u00f5es de toneladas de mercadorias, e essa parceria, segundo o governo, representa um avan\u00e7o estrat\u00e9gico para o Porto de Natal, consolidando sua posi\u00e7\u00e3o no cen\u00e1rio do com\u00e9rcio exterior.\n<\/p>\n<p>O secret\u00e1rio de Agricultura, Pecu\u00e1ria e Pesca do RN, Guilherme Saldanha, destacou o impacto positivo da parceria para a economia potiguar, especialmente para o setor agropecu\u00e1rio. \u201cO RN \u00e9 um dos principais exportadores de frutas do Brasil, e essa nova rota comercial representar\u00e1 uma redu\u00e7\u00e3o de custos para os produtores e exportadores, al\u00e9m de gerar mais emprego e renda\u201d, pontuou. \u201cCom essa nova parceria, esperamos uma expans\u00e3o ainda maior no com\u00e9rcio exterior do estado\u201d, acrescentou o secret\u00e1rio Guilherme Saldanha.\n<\/p>\n<p>Com informa\u00e7\u00f5es de Tribuna do Norte              <\/p>\n<\/div>\n<p><br \/>\n<br \/><a href=\"https:\/\/diariodobrasilnoticias.com.br\/noticia\/rn-e-portugal-assinam-acordo-para-criacao-de-linha-de-transporte-maritimo-67d1746dc4232\">Source link <\/a><\/p>","protected":false},"excerpt":{"rendered":"<p>A fim de fortalecer o turismo potiguar como atividade econ\u00f4mica, por meio da cria\u00e7\u00e3o de uma nova rota comercial mar\u00edtima entre os portos de Natal e Set\u00fabal, em Portugal, foi&hellip;<\/p>","protected":false},"author":1,"featured_media":110383,"comment_status":"closed","ping_status":"open","sticky":false,"template":"","format":"standard","meta":{"content-type":"","footnotes":""},"categories":[16],"tags":[123,2448,5313,1267],"class_list":["post-110382","post","type-post","status-publish","format-standard","has-post-thumbnail","hentry","category-noticias","tag-brasil","tag-diario","tag-noticia","tag-noticias"],"_links":{"self":[{"href":"https:\/\/tvbrazilusa.com\/pt\/wp-json\/wp\/v2\/posts\/110382","targetHints":{"allow":["GET"]}}],"collection":[{"href":"https:\/\/tvbrazilusa.com\/pt\/wp-json\/wp\/v2\/posts"}],"about":[{"href":"https:\/\/tvbrazilusa.com\/pt\/wp-json\/wp\/v2\/types\/post"}],"author":[{"embeddable":true,"href":"https:\/\/tvbrazilusa.com\/pt\/wp-json\/wp\/v2\/users\/1"}],"replies":[{"embeddable":true,"href":"https:\/\/tvbrazilusa.com\/pt\/wp-json\/wp\/v2\/comments?post=110382"}],"version-history":[{"count":1,"href":"https:\/\/tvbrazilusa.com\/pt\/wp-json\/wp\/v2\/posts\/110382\/revisions"}],"predecessor-version":[{"id":110384,"href":"https:\/\/tvbrazilusa.com\/pt\/wp-json\/wp\/v2\/posts\/110382\/revisions\/110384"}],"wp:featuredmedia":[{"embeddable":true,"href":"https:\/\/tvbrazilusa.com\/pt\/wp-json\/wp\/v2\/media\/110383"}],"wp:attachment":[{"href":"https:\/\/tvbrazilusa.com\/pt\/wp-json\/wp\/v2\/media?parent=110382"}],"wp:term":[{"taxonomy":"category","embeddable":true,"href":"https:\/\/tvbrazilusa.com\/pt\/wp-json\/wp\/v2\/categories?post=110382"},{"taxonomy":"post_tag","embeddable":true,"href":"https:\/\/tvbrazilusa.com\/pt\/wp-json\/wp\/v2\/tags?post=110382"}],"curies":[{"name":"wp","href":"https:\/\/api.w.org\/{rel}","templated":true}]}}