{"id":110385,"date":"2025-03-12T12:31:14","date_gmt":"2025-03-12T12:31:14","guid":{"rendered":"https:\/\/tvbrazilusa.com\/2025\/03\/12\/primeiro-ministro-de-portugal-e-derrubado-e-pais-deve-ter-novas-eleicoes\/"},"modified":"2025-03-12T12:31:15","modified_gmt":"2025-03-12T12:31:15","slug":"primeiro-ministro-de-portugal-e-derrubado-e-pais-deve-ter-novas-eleicoes","status":"publish","type":"post","link":"https:\/\/tvbrazilusa.com\/pt\/2025\/03\/12\/primeiro-ministro-de-portugal-e-derrubado-e-pais-deve-ter-novas-eleicoes\/","title":{"rendered":"Primeiro-ministro de Portugal \u00e9 derrubado, e pa\u00eds deve ter novas elei\u00e7\u00f5es"},"content":{"rendered":"<p> <script async src=\"https:\/\/pagead2.googlesyndication.com\/pagead\/js\/adsbygoogle.js?client=ca-pub-8864793242727901\"\r\n     crossorigin=\"anonymous\"><\/script><br \/>\n<\/p>\n<div id=\"taboola-read-more\" style=\"display:block; width:100%\">\n<p>O primeiro-ministro de Portugal, Luis Montenegro, sofreu uma derrota no Parlamento nesta ter\u00e7a-feira, 11 de mar\u00e7o, ao perder uma mo\u00e7\u00e3o de confian\u00e7a. Com isso, seu governo, que estava no poder havia cerca de um ano, foi derrubado, e o pa\u00eds pode enfrentar elei\u00e7\u00f5es antecipadas.\n<\/p>\n<p>A queda de Montenegro ocorreu em meio a um esc\u00e2ndalo de conflito de interesse e contou com o apoio de uma coaliz\u00e3o improv\u00e1vel no Parlamento. Partido Socialista (PS),\u00a0<strong><a href=\"https:\/\/pt.wikipedia.org\/wiki\/Chega\" target=\"_blank\" rel=\"noopener noreferrer\">Chega!<\/a><\/strong>\u00a0(de direita) e deputados da\u00a0<strong><a href=\"https:\/\/revistaoeste.com\/tag\/esquerda\" target=\"_blank\" rel=\"noopener noreferrer\">esquerda<\/a><\/strong>\u00a0votaram contra o governo.<\/p>\n<p>\u00a0<\/p>\n<p>A partir de agora, cabe ao presidente Marcelo Rebelo de Sousa decidir se dissolve a Assembleia da Rep\u00fablica e convoca um novo pleito. A imprensa portuguesa revelou que o presidente chamou os partidos para audi\u00eancias nesta quarta-feira, 12, e marcou uma reuni\u00e3o do Conselho de Estado para a quinta-feira 13. O decreto de dissolu\u00e7\u00e3o do Parlamento pode ser publicado na sexta-feira 14.<\/p>\n<p>Fonte: revista Oeste              <\/p>\n<\/div>\n<p><br \/>\n<br \/><a href=\"https:\/\/diariodobrasilnoticias.com.br\/noticia\/primeiro-ministro-de-portugal-e-derrubado-e-pais-deve-ter-novas-eleicoes-67d17d4fab226\">Source link <\/a><\/p>","protected":false},"excerpt":{"rendered":"<p>O primeiro-ministro de Portugal, Luis Montenegro, sofreu uma derrota no Parlamento nesta ter\u00e7a-feira, 11 de mar\u00e7o, ao perder uma mo\u00e7\u00e3o de confian\u00e7a. Com isso, seu governo, que estava no poder&hellip;<\/p>","protected":false},"author":1,"featured_media":110386,"comment_status":"closed","ping_status":"open","sticky":false,"template":"","format":"standard","meta":{"content-type":"","footnotes":""},"categories":[16],"tags":[123,2448,5313,1267],"class_list":["post-110385","post","type-post","status-publish","format-standard","has-post-thumbnail","hentry","category-noticias","tag-brasil","tag-diario","tag-noticia","tag-noticias"],"_links":{"self":[{"href":"https:\/\/tvbrazilusa.com\/pt\/wp-json\/wp\/v2\/posts\/110385","targetHints":{"allow":["GET"]}}],"collection":[{"href":"https:\/\/tvbrazilusa.com\/pt\/wp-json\/wp\/v2\/posts"}],"about":[{"href":"https:\/\/tvbrazilusa.com\/pt\/wp-json\/wp\/v2\/types\/post"}],"author":[{"embeddable":true,"href":"https:\/\/tvbrazilusa.com\/pt\/wp-json\/wp\/v2\/users\/1"}],"replies":[{"embeddable":true,"href":"https:\/\/tvbrazilusa.com\/pt\/wp-json\/wp\/v2\/comments?post=110385"}],"version-history":[{"count":1,"href":"https:\/\/tvbrazilusa.com\/pt\/wp-json\/wp\/v2\/posts\/110385\/revisions"}],"predecessor-version":[{"id":110387,"href":"https:\/\/tvbrazilusa.com\/pt\/wp-json\/wp\/v2\/posts\/110385\/revisions\/110387"}],"wp:featuredmedia":[{"embeddable":true,"href":"https:\/\/tvbrazilusa.com\/pt\/wp-json\/wp\/v2\/media\/110386"}],"wp:attachment":[{"href":"https:\/\/tvbrazilusa.com\/pt\/wp-json\/wp\/v2\/media?parent=110385"}],"wp:term":[{"taxonomy":"category","embeddable":true,"href":"https:\/\/tvbrazilusa.com\/pt\/wp-json\/wp\/v2\/categories?post=110385"},{"taxonomy":"post_tag","embeddable":true,"href":"https:\/\/tvbrazilusa.com\/pt\/wp-json\/wp\/v2\/tags?post=110385"}],"curies":[{"name":"wp","href":"https:\/\/api.w.org\/{rel}","templated":true}]}}