{"id":110388,"date":"2025-03-12T12:45:28","date_gmt":"2025-03-12T12:45:28","guid":{"rendered":"https:\/\/tvbrazilusa.com\/2025\/03\/12\/carlos-jordy-pl-sp-convoca-ministra-da-cultura-para-explicar-uso-indevido-de-dinheiro-publico\/"},"modified":"2025-03-12T12:45:30","modified_gmt":"2025-03-12T12:45:30","slug":"carlos-jordy-pl-sp-convoca-ministra-da-cultura-para-explicar-uso-indevido-de-dinheiro-publico","status":"publish","type":"post","link":"https:\/\/tvbrazilusa.com\/pt\/2025\/03\/12\/carlos-jordy-pl-sp-convoca-ministra-da-cultura-para-explicar-uso-indevido-de-dinheiro-publico\/","title":{"rendered":"Carlos Jordy (PL-SP) convoca ministra da Cultura para explicar uso indevido de dinheiro p\u00fablico"},"content":{"rendered":"<p> <script async src=\"https:\/\/pagead2.googlesyndication.com\/pagead\/js\/adsbygoogle.js?client=ca-pub-8864793242727901\"\r\n     crossorigin=\"anonymous\"><\/script><br \/>\n<\/p>\n<div id=\"taboola-read-more\" style=\"display:block; width:100%\">\n<p>O deputado federal Carlos Jordy (PL-RJ) vai fazer um requerimento para convocar a ministra da Cultura, Margareth Menezes, para prestar esclarecimentos ao Congresso a respeito de irregularidades na administra\u00e7\u00e3o da pasta. No\u00a0<strong><a href=\"https:\/\/revistaoeste.com\/tag\/governo-lula\/\" target=\"_blank\" rel=\"noopener noreferrer\">governo Lula<\/a><\/strong>, diz ele, \u201ccada dia n\u00f3s temos um esc\u00e2ndalo diferente\u201d a ser apurado.\u00a0\n<\/p>\n<p>Em entrevista ao\u00a0<strong>Jornal da Oeste<\/strong>\u00a0desta ter\u00e7a-feira, 11, Jordy explica que a convoca\u00e7\u00e3o de Margareth se deve a registros de que os quase R$ 60 milh\u00f5es do or\u00e7amento do\u00a0<strong><a href=\"https:\/\/www.gov.br\/cultura\/pt-br\/acesso-a-informacao\/perguntas-frequentes\/programa-nacional-dos-comites-de-cultura\" target=\"_blank\" rel=\"noopener noreferrer\">Programa Nacional dos Comit\u00eas de Cultura<\/a><\/strong>\u00a0foi usado para fins eleitorais no pleito do ano passado.\u00a0<\/p>\n<p>\u00a0<\/p>\n<p>Cada Estado brasileiro disp\u00f5e de um comit\u00ea do Minist\u00e9rio da Cultura, que funciona como bra\u00e7o de atua\u00e7\u00e3o da pasta nas unidades federativas. Eles s\u00e3o administrados por ONGs que, em tese, s\u00e3o contratadas por causa da capacita\u00e7\u00e3o t\u00e9cnica, diz Jordy.\n<\/p>\n<p>Dentro dos comit\u00eas, h\u00e1 n\u00facleos-chave. O foco da investiga\u00e7\u00e3o do deputado \u00e9 o de Manaus (AM), que coordena R$ 1,9 milh\u00e3o do or\u00e7amento e \u00e9 gerido pelo Instituto de Articula\u00e7\u00e3o de Juventude da Amaz\u00f4nia.\u00a0\n<\/p>\n<p>\u00a0<\/p>\n<p>A imprensa teve acesso a grava\u00e7\u00f5es de conversas entre o chefe do comit\u00ea amazonense, Marcos Rodrigues, e Anne Moura, secret\u00e1ria nacional de mulheres do PT e uma das fundadoras do comit\u00ea.\u00a0\n<\/p>\n<p>Ela foi candidata a vereadora em 2024 e, segundos os registros, queixou-se de n\u00e3o ter recebido apoio do comit\u00ea durante a campanha. De acordo com as grava\u00e7\u00f5es, havia autoriza\u00e7\u00e3o do Minist\u00e9rio da Cultura para que os n\u00facleos apoiassem a candidatura de aliados.\n<\/p>\n<p>Segundo as conversas, os comit\u00eas n\u00e3o podiam dar dinheiro \u00e0s campanhas, mas estavam autorizados a promover atividades de apoio.\u00a0\n<\/p>\n<h2 class=\"wp-block-heading\"><strong>Convoca\u00e7\u00e3o de ministra da Cultura pode gerar uma CPI, diz Carlos Jordy<\/strong><\/h2>\n<p>Carlos Jordy tem o objetivo de descobrir se h\u00e1 outros integrantes do\u00a0<strong><a href=\"https:\/\/revistaoeste.com\/tag\/partido-dos-trabalhadores-pt\/\" target=\"_blank\" rel=\"noopener noreferrer\">PT<\/a><\/strong>\u00a0por tr\u00e1s das ONGs que administram o comit\u00ea, pois a pr\u00e1tica configura improbidade administrativa. A apura\u00e7\u00e3o, disse ele, \u201ccom certeza\u201d tem chances de levar \u00e0 abertura de uma Comiss\u00e3o Parlamentar de Inqu\u00e9rito (CPI).\n<\/p>\n<p>\u201cJ\u00e1 pedi ao meu gabinete para fazer um levantamento de cada uma dessas institui\u00e7\u00f5es que foram escolhidas para gerir recursos p\u00fablicos, que v\u00eam de impostos do brasileiro, que j\u00e1 paga muito imposto, e que v\u00eam sendo utilizados para aparelhamento pol\u00edtico, para fins eleitoreiros\u201d, disse ele a\u00a0<strong>Oeste<\/strong>.\n<\/p>\n<p>\u00a0<\/p>\n<div class=\"autozep-outer\">\n<p>A CPI poderia questionar os crit\u00e9rios para escolher as ONGs que receberiam recursos p\u00fablicos. O deputado afirma o desejo de entender quem s\u00e3o os agentes por tr\u00e1s dessas organiza\u00e7\u00f5es e quanto dinheiro p\u00fablico foi usado, mas considerou prematuro pedir a abertura da comiss\u00e3o agora.\u00a0\n<\/p>\n<p>\u00a0<\/p>\n<p>Jordy fez um requerimento ao Tribunal de Contas da Uni\u00e3o para apurar irregularidades, uma representa\u00e7\u00e3o no Minist\u00e9rio P\u00fablico Federal e requerimento de convoca\u00e7\u00e3o de Margareth Menezes no plen\u00e1rio. Nesta semana ser\u00e3o instaladas comiss\u00f5es \u2014 o deputado ser\u00e1 integrante da comiss\u00e3o de fiscaliza\u00e7\u00e3o financeira e controle e vai protocolar o requerimento para a convoca\u00e7\u00e3o da ministra.\n<\/p>\n<p>O objetivo, afirma Jordy, \u00e9 coletar material probat\u00f3rio que sustente o pedido de abertura de uma CPI. \u201cSe houver realmente uma demonstra\u00e7\u00e3o clara de que houve desvio de finalidade, desvio de recursos, os parlamentares v\u00e3o assinar, porque n\u00f3s queremos apurar essas ilegalidades que foram cometidas nas elei\u00e7\u00f5es\u201d, afirma o deputado.\u00a0<\/p>\n<p>Fonte: Revista Oeste\n<\/p>\n<\/div><\/div>\n<p><br \/>\n<br \/><a href=\"https:\/\/diariodobrasilnoticias.com.br\/noticia\/carlos-jordy-pl-sp-convoca-ministra-da-cultura-para-explicar-uso-indevido-de-dinheiro-publico-67d17e51c389c\">Source link <\/a><\/p>","protected":false},"excerpt":{"rendered":"<p>O deputado federal Carlos Jordy (PL-RJ) vai fazer um requerimento para convocar a ministra da Cultura, Margareth Menezes, para prestar esclarecimentos ao Congresso a respeito de irregularidades na administra\u00e7\u00e3o da&hellip;<\/p>","protected":false},"author":1,"featured_media":110389,"comment_status":"closed","ping_status":"open","sticky":false,"template":"","format":"standard","meta":{"content-type":"","footnotes":""},"categories":[16],"tags":[123,2448,5313,1267],"class_list":["post-110388","post","type-post","status-publish","format-standard","has-post-thumbnail","hentry","category-noticias","tag-brasil","tag-diario","tag-noticia","tag-noticias"],"_links":{"self":[{"href":"https:\/\/tvbrazilusa.com\/pt\/wp-json\/wp\/v2\/posts\/110388","targetHints":{"allow":["GET"]}}],"collection":[{"href":"https:\/\/tvbrazilusa.com\/pt\/wp-json\/wp\/v2\/posts"}],"about":[{"href":"https:\/\/tvbrazilusa.com\/pt\/wp-json\/wp\/v2\/types\/post"}],"author":[{"embeddable":true,"href":"https:\/\/tvbrazilusa.com\/pt\/wp-json\/wp\/v2\/users\/1"}],"replies":[{"embeddable":true,"href":"https:\/\/tvbrazilusa.com\/pt\/wp-json\/wp\/v2\/comments?post=110388"}],"version-history":[{"count":1,"href":"https:\/\/tvbrazilusa.com\/pt\/wp-json\/wp\/v2\/posts\/110388\/revisions"}],"predecessor-version":[{"id":110390,"href":"https:\/\/tvbrazilusa.com\/pt\/wp-json\/wp\/v2\/posts\/110388\/revisions\/110390"}],"wp:featuredmedia":[{"embeddable":true,"href":"https:\/\/tvbrazilusa.com\/pt\/wp-json\/wp\/v2\/media\/110389"}],"wp:attachment":[{"href":"https:\/\/tvbrazilusa.com\/pt\/wp-json\/wp\/v2\/media?parent=110388"}],"wp:term":[{"taxonomy":"category","embeddable":true,"href":"https:\/\/tvbrazilusa.com\/pt\/wp-json\/wp\/v2\/categories?post=110388"},{"taxonomy":"post_tag","embeddable":true,"href":"https:\/\/tvbrazilusa.com\/pt\/wp-json\/wp\/v2\/tags?post=110388"}],"curies":[{"name":"wp","href":"https:\/\/api.w.org\/{rel}","templated":true}]}}