{"id":110396,"date":"2025-03-12T13:26:19","date_gmt":"2025-03-12T13:26:19","guid":{"rendered":"https:\/\/tvbrazilusa.com\/2025\/03\/12\/tarifas-de-25-sobre-aco-e-aluminio-entram-em-vigor-nos-eua-veja-os-impactos-para-o-brasil\/"},"modified":"2025-03-12T13:26:21","modified_gmt":"2025-03-12T13:26:21","slug":"tarifas-de-25-sobre-aco-e-aluminio-entram-em-vigor-nos-eua-veja-os-impactos-para-o-brasil","status":"publish","type":"post","link":"https:\/\/tvbrazilusa.com\/pt\/2025\/03\/12\/tarifas-de-25-sobre-aco-e-aluminio-entram-em-vigor-nos-eua-veja-os-impactos-para-o-brasil\/","title":{"rendered":"Tarifas de 25% sobre a\u00e7o e alum\u00ednio entram em vigor nos EUA; veja os impactos para o Brasil"},"content":{"rendered":"<p> <script async src=\"https:\/\/pagead2.googlesyndication.com\/pagead\/js\/adsbygoogle.js?client=ca-pub-8864793242727901\"\r\n     crossorigin=\"anonymous\"><\/script><br \/>\n<\/p>\n<div data-block-type=\"raw\" data-block-weight=\"41\" data-block-id=\"35\">\n<p class=\"content-text__container\" data-mrf-recirculation=\"Mat\u00e9ria - Links no Texto\">&#8220;Com menos demanda, as f\u00e1bricas podem ter que diminuir sua produ\u00e7\u00e3o, o que pode levar a cortes de empregos. Muitas pessoas que trabalham diretamente na produ\u00e7\u00e3o de a\u00e7o e alum\u00ednio, al\u00e9m de setores como transporte e minera\u00e7\u00e3o, podem ser afetadas&#8221;, diz.\n<\/p>\n<p class=\"content-text__container\" data-mrf-recirculation=\"Mat\u00e9ria - Links no Texto\">Campos destaca que, outros setores, como o da constru\u00e7\u00e3o civil e da ind\u00fastria automobil\u00edstica, tamb\u00e9m podem ser afetados no Brasil. &#8220;Se os pre\u00e7os subirem ou houver falta desses materiais, as obras e a produ\u00e7\u00e3o de carros podem ficar mais caras ou mais lentas&#8221;, diz.\n<\/p>\n<\/div>\n<p><br \/>\n<br \/><a href=\"https:\/\/diariodobrasilnoticias.com.br\/noticia\/tarifas-de-25-sobre-aco-e-aluminio-entram-em-vigor-nos-eua-veja-os-impactos-para-o-brasil-67d17109ec017\">Source link <\/a><\/p>","protected":false},"excerpt":{"rendered":"<p>&#8220;Com menos demanda, as f\u00e1bricas podem ter que diminuir sua produ\u00e7\u00e3o, o que pode levar a cortes de empregos. Muitas pessoas que trabalham diretamente na produ\u00e7\u00e3o de a\u00e7o e alum\u00ednio,&hellip;<\/p>","protected":false},"author":1,"featured_media":110397,"comment_status":"closed","ping_status":"open","sticky":false,"template":"","format":"standard","meta":{"content-type":"","footnotes":""},"categories":[16],"tags":[123,2448,5313,1267],"class_list":["post-110396","post","type-post","status-publish","format-standard","has-post-thumbnail","hentry","category-noticias","tag-brasil","tag-diario","tag-noticia","tag-noticias"],"_links":{"self":[{"href":"https:\/\/tvbrazilusa.com\/pt\/wp-json\/wp\/v2\/posts\/110396","targetHints":{"allow":["GET"]}}],"collection":[{"href":"https:\/\/tvbrazilusa.com\/pt\/wp-json\/wp\/v2\/posts"}],"about":[{"href":"https:\/\/tvbrazilusa.com\/pt\/wp-json\/wp\/v2\/types\/post"}],"author":[{"embeddable":true,"href":"https:\/\/tvbrazilusa.com\/pt\/wp-json\/wp\/v2\/users\/1"}],"replies":[{"embeddable":true,"href":"https:\/\/tvbrazilusa.com\/pt\/wp-json\/wp\/v2\/comments?post=110396"}],"version-history":[{"count":1,"href":"https:\/\/tvbrazilusa.com\/pt\/wp-json\/wp\/v2\/posts\/110396\/revisions"}],"predecessor-version":[{"id":110398,"href":"https:\/\/tvbrazilusa.com\/pt\/wp-json\/wp\/v2\/posts\/110396\/revisions\/110398"}],"wp:featuredmedia":[{"embeddable":true,"href":"https:\/\/tvbrazilusa.com\/pt\/wp-json\/wp\/v2\/media\/110397"}],"wp:attachment":[{"href":"https:\/\/tvbrazilusa.com\/pt\/wp-json\/wp\/v2\/media?parent=110396"}],"wp:term":[{"taxonomy":"category","embeddable":true,"href":"https:\/\/tvbrazilusa.com\/pt\/wp-json\/wp\/v2\/categories?post=110396"},{"taxonomy":"post_tag","embeddable":true,"href":"https:\/\/tvbrazilusa.com\/pt\/wp-json\/wp\/v2\/tags?post=110396"}],"curies":[{"name":"wp","href":"https:\/\/api.w.org\/{rel}","templated":true}]}}