{"id":110399,"date":"2025-03-12T13:40:55","date_gmt":"2025-03-12T13:40:55","guid":{"rendered":"https:\/\/tvbrazilusa.com\/2025\/03\/12\/bebe-de-1-ano-morre-apos-batida-entre-moto-e-reboque-de-carro\/"},"modified":"2025-03-12T13:40:57","modified_gmt":"2025-03-12T13:40:57","slug":"bebe-de-1-ano-morre-apos-batida-entre-moto-e-reboque-de-carro","status":"publish","type":"post","link":"https:\/\/tvbrazilusa.com\/pt\/2025\/03\/12\/bebe-de-1-ano-morre-apos-batida-entre-moto-e-reboque-de-carro\/","title":{"rendered":"Beb\u00ea de 1 ano morre ap\u00f3s batida entre moto e reboque de carro"},"content":{"rendered":"<p> <script async src=\"https:\/\/pagead2.googlesyndication.com\/pagead\/js\/adsbygoogle.js?client=ca-pub-8864793242727901\"\r\n     crossorigin=\"anonymous\"><\/script><br \/>\n<\/p>\n<div>\n<figure class=\"post-image\">\n<\/figure>\n<p>            <span style=\"font-size: 12px\">Cr\u00e9ditos: Reprodu\u00e7\u00e3o<\/span><\/p>\n<p>            <!-- end metas --><br \/>\n            <!-- ADS --><\/p>\n<div id=\"taboola-read-more\" style=\"display:block; width:100%\">\n<p>Uma beb\u00ea de 1 ano de idade morreu ap\u00f3s uma batida entre uma moto e o reboque de um carro na manh\u00e3 desta ter\u00e7a-feira (11) na zona rural de Touros, no litoral norte do Rio Grande do Norte. O nome da v\u00edtima n\u00e3o foi divulgado pelas autoridades.\n<\/p>\n<p>O acidente aconteceu na Comunidade Nossa Senhora da Guia, em uma estrada de barro. Segundo a Pol\u00edcia Civil, a beb\u00ea estava com uma tia em uma moto quando houve a colis\u00e3o com um reboque que era puxado por outro ve\u00edculo.<\/p>\n<p>De acordo com o C\u00f3digo Brasileiro de Tr\u00e2nsito (CBT), a idade m\u00ednima para uma crian\u00e7a ser transportada em uma moto \u00e9 de 10 anos. Abaixo dessa idade a infra\u00e7\u00e3o \u00e9 considerada grav\u00edssima.\n<\/p>\n<p>Segundo a pol\u00edcia, a beb\u00ea de 1 ano e 3 meses e a tia dela chegaram a ser socorridas e levadas para uma unidade de sa\u00fade em Touros, mas a crian\u00e7a n\u00e3o resistiu aos ferimentos e morreu. O estado de sa\u00fade da tia n\u00e3o foi informado.\n<\/p>\n<p>A Pol\u00edcia Civil informou que investiga o caso.\n<\/p>\n<p>Ap\u00f3s a colis\u00e3o, o carro e o reboque ficaram separados. Segundo a Civil, apenas a per\u00edcia do Instituto T\u00e9cnico-Cient\u00edfico de Per\u00edcia (Itep) vai poder confirmar se o reboque se soltou antes de colidir na moto ou ap\u00f3s o acidente.\n<\/p>\n<p>Com informa\u00e7\u00f5es de g1 RN              <\/p>\n<\/div>\n<p>                        <!-- Scripts para conteudo --><\/p>\n<p>            <!-- .\/Scripts para conteudo --><br \/>\n            <!-- .\/Mat\u00e9ria --><\/p>\n<div class=\"row mt-3\">\n<div class=\"col-sm-6\">\n                <!-- Whatsapp channel 3--><br \/>\n                <a href=\"https:\/\/chat.whatsapp.com\/B8Qy6Erx4kb6yTzj3kaDco\" target=\"_blank\"><br \/>\n                  <img decoding=\"async\" src=\"https:\/\/diariodobrasilnoticias.com.br\/assets-site\/images\/bot_whatsapp.png\"\/><\/a>\n              <\/div>\n<div class=\"col-sm-6\">\n                <a href=\"https:\/\/t.me\/+_4gTmi5LKo03OTM5\" target=\"_blank\"><br \/>\n                  <img decoding=\"async\" src=\"https:\/\/diariodobrasilnoticias.com.br\/assets-site\/images\/bot_telegram.png\"\/><\/a>\n              <\/div>\n<\/p><\/div>\n<p>            <!-- end post-navigation --><\/p>\n<p>              <!-- end row --><\/p>\n<p>              <!-- end col-12-->\n                      <\/div>\n<p><br \/>\n<br \/><a href=\"https:\/\/diariodobrasilnoticias.com.br\/noticia\/bebe-de-1-ano-morre-apos-batida-entre-moto-e-reboque-de-carro-67d171b4a8a35\">Source link <\/a><\/p>","protected":false},"excerpt":{"rendered":"<p>Cr\u00e9ditos: Reprodu\u00e7\u00e3o Uma beb\u00ea de 1 ano de idade morreu ap\u00f3s uma batida entre uma moto e o reboque de um carro na manh\u00e3 desta ter\u00e7a-feira (11) na zona rural&hellip;<\/p>","protected":false},"author":1,"featured_media":110400,"comment_status":"closed","ping_status":"open","sticky":false,"template":"","format":"standard","meta":{"content-type":"","footnotes":""},"categories":[16],"tags":[123,2448,5313,1267],"class_list":["post-110399","post","type-post","status-publish","format-standard","has-post-thumbnail","hentry","category-noticias","tag-brasil","tag-diario","tag-noticia","tag-noticias"],"_links":{"self":[{"href":"https:\/\/tvbrazilusa.com\/pt\/wp-json\/wp\/v2\/posts\/110399","targetHints":{"allow":["GET"]}}],"collection":[{"href":"https:\/\/tvbrazilusa.com\/pt\/wp-json\/wp\/v2\/posts"}],"about":[{"href":"https:\/\/tvbrazilusa.com\/pt\/wp-json\/wp\/v2\/types\/post"}],"author":[{"embeddable":true,"href":"https:\/\/tvbrazilusa.com\/pt\/wp-json\/wp\/v2\/users\/1"}],"replies":[{"embeddable":true,"href":"https:\/\/tvbrazilusa.com\/pt\/wp-json\/wp\/v2\/comments?post=110399"}],"version-history":[{"count":1,"href":"https:\/\/tvbrazilusa.com\/pt\/wp-json\/wp\/v2\/posts\/110399\/revisions"}],"predecessor-version":[{"id":110401,"href":"https:\/\/tvbrazilusa.com\/pt\/wp-json\/wp\/v2\/posts\/110399\/revisions\/110401"}],"wp:featuredmedia":[{"embeddable":true,"href":"https:\/\/tvbrazilusa.com\/pt\/wp-json\/wp\/v2\/media\/110400"}],"wp:attachment":[{"href":"https:\/\/tvbrazilusa.com\/pt\/wp-json\/wp\/v2\/media?parent=110399"}],"wp:term":[{"taxonomy":"category","embeddable":true,"href":"https:\/\/tvbrazilusa.com\/pt\/wp-json\/wp\/v2\/categories?post=110399"},{"taxonomy":"post_tag","embeddable":true,"href":"https:\/\/tvbrazilusa.com\/pt\/wp-json\/wp\/v2\/tags?post=110399"}],"curies":[{"name":"wp","href":"https:\/\/api.w.org\/{rel}","templated":true}]}}