{"id":110431,"date":"2025-03-12T15:20:58","date_gmt":"2025-03-12T15:20:58","guid":{"rendered":"https:\/\/tvbrazilusa.com\/2025\/03\/12\/por-causa-do-cenario-economico-azul-encerra-operacoes-em-mais-cidades-confira-quais-sao\/"},"modified":"2025-03-12T15:21:00","modified_gmt":"2025-03-12T15:21:00","slug":"por-causa-do-cenario-economico-azul-encerra-operacoes-em-mais-cidades-confira-quais-sao","status":"publish","type":"post","link":"https:\/\/tvbrazilusa.com\/pt\/2025\/03\/12\/por-causa-do-cenario-economico-azul-encerra-operacoes-em-mais-cidades-confira-quais-sao\/","title":{"rendered":"Por causa do cen\u00e1rio econ\u00f4mico, Azul encerra opera\u00e7\u00f5es em mais cidades; CONFIRA QUAIS S\u00c3O"},"content":{"rendered":"<p> <script async src=\"https:\/\/pagead2.googlesyndication.com\/pagead\/js\/adsbygoogle.js?client=ca-pub-8864793242727901\"\r\n     crossorigin=\"anonymous\"><\/script><br \/>\n<\/p>\n<div id=\"taboola-read-more\" style=\"display:block; width:100%\">\n<p>A Azul Linhas A\u00e9reas anunciou a descontinua\u00e7\u00e3o de opera\u00e7\u00f5es em 14 cidades brasileiras e a altera\u00e7\u00e3o da rota de Juazeiro do Norte (CE), que agora ter\u00e1 voos apenas para o Aeroporto Internacional de Viracopos, em Campinas (SP).<\/p>\n<p>A decis\u00e3o foi motivada pelo aumento nos custos operacionais e pela necessidade de ajustes entre oferta e demanda.<\/p>\n<p>A companhia afirmou que a crise econ\u00f4mica atual na cadeia de suprimentos e a valoriza\u00e7\u00e3o do d\u00f3lar afetaram a disponibilidade de frota, influenciando a revis\u00e3o das rotas. A Azul alega que est\u00e1 prestando assist\u00eancia aos passageiros impactados, conforme as normas da Ag\u00eancia Nacional de Avia\u00e7\u00e3o Civil (Anac).<\/p>\n<p>A suspens\u00e3o dos voos segue um cronograma iniciado em fevereiro, com interrup\u00e7\u00f5es j\u00e1 efetivadas em quatro cidades do Cear\u00e1: Crate\u00fas, S\u00e3o Benedito, Sobral e Iguatu. Outras nove localidades deixar\u00e3o de receber voos ao longo de mar\u00e7o, em diferentes regi\u00f5es do pa\u00eds.<\/p>\n<p>As cidades j\u00e1 afetadas s\u00e3o: Crate\u00fas, S\u00e3o Benedito, Sobral e Iguatu, no Cear\u00e1. Campos (RJ), Correia Pinto (SC), Jaguaruna (SC), Mossor\u00f3 (RN), S\u00e3o Raimundo Nonato (PI), Parna\u00edba (PI), Rio Verde (GO), Barreirinha (MA) e Tr\u00eas Lagoas (MS). J\u00e1 em 31 de mar\u00e7o, ser\u00e1 a vez de Ponta Grossa (PR), que tamb\u00e9m deixar\u00e1 de receber opera\u00e7\u00f5es da companhia.<\/p>\n<p>Fonte: Conex\u00e3o Pol\u00edtica<\/p>\n<\/p><\/div>\n<p><br \/>\n<br \/><a href=\"https:\/\/diariodobrasilnoticias.com.br\/noticia\/por-causa-do-cenario-economico-azul-encerra-operacoes-em-mais-cidades-confira-quais-sao-67d184fc8dfcb\">Source link <\/a><\/p>","protected":false},"excerpt":{"rendered":"<p>A Azul Linhas A\u00e9reas anunciou a descontinua\u00e7\u00e3o de opera\u00e7\u00f5es em 14 cidades brasileiras e a altera\u00e7\u00e3o da rota de Juazeiro do Norte (CE), que agora ter\u00e1 voos apenas para o&hellip;<\/p>","protected":false},"author":1,"featured_media":110432,"comment_status":"closed","ping_status":"open","sticky":false,"template":"","format":"standard","meta":{"content-type":"","footnotes":""},"categories":[16],"tags":[123,2448,5313,1267],"class_list":["post-110431","post","type-post","status-publish","format-standard","has-post-thumbnail","hentry","category-noticias","tag-brasil","tag-diario","tag-noticia","tag-noticias"],"_links":{"self":[{"href":"https:\/\/tvbrazilusa.com\/pt\/wp-json\/wp\/v2\/posts\/110431","targetHints":{"allow":["GET"]}}],"collection":[{"href":"https:\/\/tvbrazilusa.com\/pt\/wp-json\/wp\/v2\/posts"}],"about":[{"href":"https:\/\/tvbrazilusa.com\/pt\/wp-json\/wp\/v2\/types\/post"}],"author":[{"embeddable":true,"href":"https:\/\/tvbrazilusa.com\/pt\/wp-json\/wp\/v2\/users\/1"}],"replies":[{"embeddable":true,"href":"https:\/\/tvbrazilusa.com\/pt\/wp-json\/wp\/v2\/comments?post=110431"}],"version-history":[{"count":1,"href":"https:\/\/tvbrazilusa.com\/pt\/wp-json\/wp\/v2\/posts\/110431\/revisions"}],"predecessor-version":[{"id":110433,"href":"https:\/\/tvbrazilusa.com\/pt\/wp-json\/wp\/v2\/posts\/110431\/revisions\/110433"}],"wp:featuredmedia":[{"embeddable":true,"href":"https:\/\/tvbrazilusa.com\/pt\/wp-json\/wp\/v2\/media\/110432"}],"wp:attachment":[{"href":"https:\/\/tvbrazilusa.com\/pt\/wp-json\/wp\/v2\/media?parent=110431"}],"wp:term":[{"taxonomy":"category","embeddable":true,"href":"https:\/\/tvbrazilusa.com\/pt\/wp-json\/wp\/v2\/categories?post=110431"},{"taxonomy":"post_tag","embeddable":true,"href":"https:\/\/tvbrazilusa.com\/pt\/wp-json\/wp\/v2\/tags?post=110431"}],"curies":[{"name":"wp","href":"https:\/\/api.w.org\/{rel}","templated":true}]}}