{"id":110440,"date":"2025-03-12T15:46:27","date_gmt":"2025-03-12T15:46:27","guid":{"rendered":"https:\/\/tvbrazilusa.com\/2025\/03\/12\/urgente-inflacao-em-fevereiro-e-a-maior-em-22-anos\/"},"modified":"2025-03-12T15:46:28","modified_gmt":"2025-03-12T15:46:28","slug":"urgente-inflacao-em-fevereiro-e-a-maior-em-22-anos","status":"publish","type":"post","link":"https:\/\/tvbrazilusa.com\/pt\/2025\/03\/12\/urgente-inflacao-em-fevereiro-e-a-maior-em-22-anos\/","title":{"rendered":"URGENTE: Infla\u00e7\u00e3o em fevereiro \u00e9 a maior em 22 anos"},"content":{"rendered":"<p> <script async src=\"https:\/\/pagead2.googlesyndication.com\/pagead\/js\/adsbygoogle.js?client=ca-pub-8864793242727901\"\r\n     crossorigin=\"anonymous\"><\/script><br \/>\n<\/p>\n<div id=\"content_post\">\n<p>No ano, o IPCA acumula alta de 1,47% e, nos \u00faltimos doze meses, a eleva\u00e7\u00e3o \u00e9 de 5,06%.\n<\/p>\n<p>Em fevereiro de 2024, a varia\u00e7\u00e3o havia sido de 0,83%.\n<\/p>\n<p>Todos os nove grupos pesquisados pelo IBGE tiveram alta nos pre\u00e7os em fevereiro, com destaque para educa\u00e7\u00e3o, com avan\u00e7o de 4,70%; habita\u00e7\u00e3o, 4,44%; alimenta\u00e7\u00e3o e bebidas, 0,70%; e transportes, 0,61%.\n<\/p>\n<p>\u00a0<\/p>\n<p>Juntos, os quatro grupos respondem por 92% do IPCA de fevereiro.\n<\/p>\n<h2 id=\"h-energia-eletrica\" class=\"wp-block-heading\">Energia el\u00e9trica<\/h2>\n<p>O grupo habita\u00e7\u00e3o foi respons\u00e1vel pelo maior impacto: 0,65 ponto percentual.\n<\/p>\n<p>Sem o b\u00f4nus de Itaipu, a energia el\u00e9trica residencial foi o subitem com o maior impacto positivo no \u00edndice, 0,56 ponto percentual, com avan\u00e7o de 16,80% em fevereiro.\n<\/p>\n<p>\u00a0<\/p>\n<p><em>\u201cTamb\u00e9m em habita\u00e7\u00e3o, o resultado da taxa de \u00e1gua e esgoto (0,14%) reflete os reajustes de 6,84% nas tarifas em Campo Grande (1,18%), a partir de 3 de janeiro; 6,42% em Belo Horizonte (0,74%) e 6,45% em uma das concession\u00e1rias em Porto Alegre (0,37%), ambos vigentes desde 1\u00ba de janeiro. No subitem g\u00e1s encanado (-0,64%), a varia\u00e7\u00e3o de -0,90% no Rio de Janeiro foi resultado de um reajuste positivo de 4,71%, com in\u00edcio em 1\u00b0 de janeiro, e de uma redu\u00e7\u00e3o m\u00e9dia de 1,78% nas tarifas, a partir de 1\u00ba de fevereiro. Em Curitiba (-2,80%), houve redu\u00e7\u00e3o de 3,01% nas tarifas, a partir de 1\u00b0 de fevereiro\u201d<\/em>, informou o IBGE.\n<\/p>\n<p>\u00a0<\/p>\n<p><em>Mais informa\u00e7\u00f5es em instantes.<\/em><\/p>\n<p>Fonte: O antagonista\n<\/p>\n<\/div>\n<p><br \/>\n<br \/><a href=\"https:\/\/diariodobrasilnoticias.com.br\/noticia\/urgente-inflacao-em-fevereiro-e-a-maior-em-22-anos-67d189e5f2008\">Source link <\/a><\/p>","protected":false},"excerpt":{"rendered":"<p>No ano, o IPCA acumula alta de 1,47% e, nos \u00faltimos doze meses, a eleva\u00e7\u00e3o \u00e9 de 5,06%. Em fevereiro de 2024, a varia\u00e7\u00e3o havia sido de 0,83%. Todos os&hellip;<\/p>","protected":false},"author":1,"featured_media":110441,"comment_status":"closed","ping_status":"open","sticky":false,"template":"","format":"standard","meta":{"content-type":"","footnotes":""},"categories":[16],"tags":[123,2448,5313,1267],"class_list":["post-110440","post","type-post","status-publish","format-standard","has-post-thumbnail","hentry","category-noticias","tag-brasil","tag-diario","tag-noticia","tag-noticias"],"_links":{"self":[{"href":"https:\/\/tvbrazilusa.com\/pt\/wp-json\/wp\/v2\/posts\/110440","targetHints":{"allow":["GET"]}}],"collection":[{"href":"https:\/\/tvbrazilusa.com\/pt\/wp-json\/wp\/v2\/posts"}],"about":[{"href":"https:\/\/tvbrazilusa.com\/pt\/wp-json\/wp\/v2\/types\/post"}],"author":[{"embeddable":true,"href":"https:\/\/tvbrazilusa.com\/pt\/wp-json\/wp\/v2\/users\/1"}],"replies":[{"embeddable":true,"href":"https:\/\/tvbrazilusa.com\/pt\/wp-json\/wp\/v2\/comments?post=110440"}],"version-history":[{"count":1,"href":"https:\/\/tvbrazilusa.com\/pt\/wp-json\/wp\/v2\/posts\/110440\/revisions"}],"predecessor-version":[{"id":110442,"href":"https:\/\/tvbrazilusa.com\/pt\/wp-json\/wp\/v2\/posts\/110440\/revisions\/110442"}],"wp:featuredmedia":[{"embeddable":true,"href":"https:\/\/tvbrazilusa.com\/pt\/wp-json\/wp\/v2\/media\/110441"}],"wp:attachment":[{"href":"https:\/\/tvbrazilusa.com\/pt\/wp-json\/wp\/v2\/media?parent=110440"}],"wp:term":[{"taxonomy":"category","embeddable":true,"href":"https:\/\/tvbrazilusa.com\/pt\/wp-json\/wp\/v2\/categories?post=110440"},{"taxonomy":"post_tag","embeddable":true,"href":"https:\/\/tvbrazilusa.com\/pt\/wp-json\/wp\/v2\/tags?post=110440"}],"curies":[{"name":"wp","href":"https:\/\/api.w.org\/{rel}","templated":true}]}}