{"id":110445,"date":"2025-03-12T16:01:08","date_gmt":"2025-03-12T16:01:08","guid":{"rendered":"https:\/\/tvbrazilusa.com\/2025\/03\/12\/apos-polemicas-disney-reduz-destaque-da-estreia-de-branca-de-neve\/"},"modified":"2025-03-12T16:01:09","modified_gmt":"2025-03-12T16:01:09","slug":"apos-polemicas-disney-reduz-destaque-da-estreia-de-branca-de-neve","status":"publish","type":"post","link":"https:\/\/tvbrazilusa.com\/pt\/2025\/03\/12\/apos-polemicas-disney-reduz-destaque-da-estreia-de-branca-de-neve\/","title":{"rendered":"Ap\u00f3s pol\u00eamicas, Disney reduz destaque da estreia de \u2018Branca de Neve\u2019"},"content":{"rendered":"<p> <script async src=\"https:\/\/pagead2.googlesyndication.com\/pagead\/js\/adsbygoogle.js?client=ca-pub-8864793242727901\"\r\n     crossorigin=\"anonymous\"><\/script><br \/>\n<\/p>\n<div id=\"taboola-read-more\" style=\"display:block; width:100%\">\n<p>A Disney decidiu reduzir o tamanho do evento de estreia de sua vers\u00e3o live-action de Branca de Neve, programada para 15 de mar\u00e7o no El Capitan Theatre, em Hollywood.\n<\/p>\n<p>A decis\u00e3o, segundo o site Variety, ocorre em resposta a uma onda de cr\u00edticas e pol\u00eamicas em torno do filme. Diferentemente das luxuosas pr\u00e9-estreias habituais da Disney, o evento ser\u00e1 mais contido, com um n\u00famero reduzido de fot\u00f3grafos e equipe de cobertura.<\/p>\n<p>A produ\u00e7\u00e3o estrelada por Rachel Zegler, de 23 anos, como Branca de Neve, e Gal Gadot, de 39 anos, no papel da Rainha M\u00e1, tem sido alvo de controv\u00e9rsias desde o come\u00e7o.\n<\/p>\n<p>O filme sofreu resist\u00eancia desde o an\u00fancio de que substituiria os sete an\u00f5es cl\u00e1ssicos por \u201ccriaturas m\u00e1gicas\u201d de diferentes tamanhos e g\u00eaneros, uma mudan\u00e7a defendida pelo est\u00fadio para \u201cevitar refor\u00e7ar estere\u00f3tipos\u201d da anima\u00e7\u00e3o de 1937.\n<\/p>\n<p>Al\u00e9m das altera\u00e7\u00f5es no enredo, a escala\u00e7\u00e3o de Zegler tamb\u00e9m foi alvo de cr\u00edticas. Muitos acusaram a Disney de aderir a uma agenda woke. O ator Peter Dinklage, que tem nanismo e j\u00e1 criticou a hist\u00f3ria original, chegou a questionar a tentativa do est\u00fadio de modernizar a narrativa.\n<\/p>\n<p>Zegler tamb\u00e9m tem sido alvo de cr\u00edticas pessoais.\n<\/p>\n<p>A atriz gerou controv\u00e9rsia ao chamar o\u00a0<em>Branca de Neve<\/em>\u00a0original de \u201cextremamente datado\u201d e ao afirmar que sua personagem n\u00e3o buscaria \u201cser salva pelo pr\u00edncipe\u201d, mas sim se tornaria uma l\u00edder empoderada.\n<\/p>\n<p>Al\u00e9m disso, seu posicionamento pol\u00edtico, incluindo declara\u00e7\u00f5es radicais contra eleitores de Donald Trump e publica\u00e7\u00f5es em apoio \u00e0 Palestina durante a guerra entre Israel e Hamas, ampliou a rejei\u00e7\u00e3o de parte do p\u00fablico.\n<\/p>\n<p>\u00a0<\/p>\n<p>A Disney n\u00e3o comentou oficialmente a decis\u00e3o de reduzir o evento de estreia.\u00a0<em>Branca de Neve<\/em>\u00a0tem lan\u00e7amento nos cinemas marcado para 21 de mar\u00e7o.<\/p>\n<p>Fonte: O antagonista              <\/p>\n<\/div>\n<p><br \/>\n<br \/><a href=\"https:\/\/diariodobrasilnoticias.com.br\/noticia\/apos-polemicas-disney-reduz-destaque-da-estreia-de-branca-de-neve-67d18bba7c834\">Source link <\/a><\/p>","protected":false},"excerpt":{"rendered":"<p>A Disney decidiu reduzir o tamanho do evento de estreia de sua vers\u00e3o live-action de Branca de Neve, programada para 15 de mar\u00e7o no El Capitan Theatre, em Hollywood. A&hellip;<\/p>","protected":false},"author":1,"featured_media":110446,"comment_status":"closed","ping_status":"open","sticky":false,"template":"","format":"standard","meta":{"content-type":"","footnotes":""},"categories":[16],"tags":[123,2448,5313,1267],"class_list":["post-110445","post","type-post","status-publish","format-standard","has-post-thumbnail","hentry","category-noticias","tag-brasil","tag-diario","tag-noticia","tag-noticias"],"_links":{"self":[{"href":"https:\/\/tvbrazilusa.com\/pt\/wp-json\/wp\/v2\/posts\/110445","targetHints":{"allow":["GET"]}}],"collection":[{"href":"https:\/\/tvbrazilusa.com\/pt\/wp-json\/wp\/v2\/posts"}],"about":[{"href":"https:\/\/tvbrazilusa.com\/pt\/wp-json\/wp\/v2\/types\/post"}],"author":[{"embeddable":true,"href":"https:\/\/tvbrazilusa.com\/pt\/wp-json\/wp\/v2\/users\/1"}],"replies":[{"embeddable":true,"href":"https:\/\/tvbrazilusa.com\/pt\/wp-json\/wp\/v2\/comments?post=110445"}],"version-history":[{"count":1,"href":"https:\/\/tvbrazilusa.com\/pt\/wp-json\/wp\/v2\/posts\/110445\/revisions"}],"predecessor-version":[{"id":110447,"href":"https:\/\/tvbrazilusa.com\/pt\/wp-json\/wp\/v2\/posts\/110445\/revisions\/110447"}],"wp:featuredmedia":[{"embeddable":true,"href":"https:\/\/tvbrazilusa.com\/pt\/wp-json\/wp\/v2\/media\/110446"}],"wp:attachment":[{"href":"https:\/\/tvbrazilusa.com\/pt\/wp-json\/wp\/v2\/media?parent=110445"}],"wp:term":[{"taxonomy":"category","embeddable":true,"href":"https:\/\/tvbrazilusa.com\/pt\/wp-json\/wp\/v2\/categories?post=110445"},{"taxonomy":"post_tag","embeddable":true,"href":"https:\/\/tvbrazilusa.com\/pt\/wp-json\/wp\/v2\/tags?post=110445"}],"curies":[{"name":"wp","href":"https:\/\/api.w.org\/{rel}","templated":true}]}}