{"id":110499,"date":"2025-03-12T19:21:52","date_gmt":"2025-03-12T19:21:52","guid":{"rendered":"https:\/\/tvbrazilusa.com\/2025\/03\/12\/depois-de-comprar-gravatas-stf-gasta-r-7-mil-em-lencos-com-toque-de-seda\/"},"modified":"2025-03-12T19:21:53","modified_gmt":"2025-03-12T19:21:53","slug":"depois-de-comprar-gravatas-stf-gasta-r-7-mil-em-lencos-com-toque-de-seda","status":"publish","type":"post","link":"https:\/\/tvbrazilusa.com\/pt\/2025\/03\/12\/depois-de-comprar-gravatas-stf-gasta-r-7-mil-em-lencos-com-toque-de-seda\/","title":{"rendered":"Depois de comprar gravatas, STF gasta R$ 7 mil em len\u00e7os com &#8216;toque de seda&#8217;"},"content":{"rendered":"<p> <script async src=\"https:\/\/pagead2.googlesyndication.com\/pagead\/js\/adsbygoogle.js?client=ca-pub-8864793242727901\"\r\n     crossorigin=\"anonymous\"><\/script><br \/>\n<\/p>\n<div id=\"taboola-read-more\" style=\"display:block; width:100%\">\n<p>O Supremo Tribunal Federal (STF) vai gastar cerca de R$ 7 mil na compra de cem len\u00e7os personalizados para presentear autoridades. Em janeiro, o tribunal adquiriu cem gravatas, pelo valor de R$ 38,4 mil, com o mesmo objetivo.\n<\/p>\n<p>Em 6 de fevereiro, a Corte formalizou o pedido. A reserva do valor de R$ 6,9 mil no or\u00e7amento p\u00fablico aconteceu quatro dias depois. O STF solicitou len\u00e7os 100% poli\u00e9ster \u201cde alta qualidade\u201d, \u201ccom toque de seda, textura macia, excelente caimento, acabamento impec\u00e1vel\u201d.<\/p>\n<p>A escolhida para a produ\u00e7\u00e3o das pe\u00e7as foi a empresa Scarfme Ind\u00fastria e Com\u00e9rcio de Len\u00e7os, de Cajamar (SP).\n<\/p>\n<p>As informa\u00e7\u00f5es foram obtidas pelo jornal Estad\u00e3o por meio da Lei de Acesso \u00e0 Informa\u00e7\u00e3o.\n<\/p>\n<p><strong>Estampas remetem ao STF<\/strong><br \/>Os len\u00e7os se dividem em tr\u00eas modelos: \u201caquarela\u201d, \u201carcos com borda azul claro\u201d e \u201carcos com borda azul escuro\u201d. Um deles traz a fachada da sede do STF e a logomarca do tribunal, com um acr\u00e9scimo de plantas na Pra\u00e7a dos Tr\u00eas Poderes.\n<\/p>\n<p>O presidente do STF, ministro Lu\u00eds Roberto Barroso, anunciou a compra. Durante uma sess\u00e3o, todos os ministros e o procurador-geral da Rep\u00fablica usavam gravatas, enquanto a ministra C\u00e1rmen L\u00facia, \u00fanica mulher presente, usava o len\u00e7o.\n<\/p>\n<p>O ministro afirmou que a iniciativa busca retribuir presentes recebidos por autoridades.\n<\/p>\n<p>\u201cRecebemos muitas visitas ou visitamos lugares em que as pessoas nos d\u00e3o presentes\u201d, disse Barroso. \u201cE, portanto, foi uma forma que n\u00f3s encontramos, gentil, de retribuir os eventuais presentes que recebemos com uma gravata que tem o s\u00edmbolo do STF e que, se permitirem a\u00ed, mod\u00e9stia \u00e0 parte, ficou muito bonitinho.\u201d\n<\/p>\n<p>Fonte: Revista Oeste              <\/p>\n<\/div>\n<p><br \/>\n<br \/><a href=\"https:\/\/diariodobrasilnoticias.com.br\/noticia\/depois-de-comprar-gravatas-stf-gasta-r-7-mil-em-lencos-com-toque-de-seda-67d1cbde61696\">Source link <\/a><\/p>","protected":false},"excerpt":{"rendered":"<p>O Supremo Tribunal Federal (STF) vai gastar cerca de R$ 7 mil na compra de cem len\u00e7os personalizados para presentear autoridades. Em janeiro, o tribunal adquiriu cem gravatas, pelo valor&hellip;<\/p>","protected":false},"author":1,"featured_media":110500,"comment_status":"closed","ping_status":"open","sticky":false,"template":"","format":"standard","meta":{"content-type":"","footnotes":""},"categories":[16],"tags":[123,2448,5313,1267],"class_list":["post-110499","post","type-post","status-publish","format-standard","has-post-thumbnail","hentry","category-noticias","tag-brasil","tag-diario","tag-noticia","tag-noticias"],"_links":{"self":[{"href":"https:\/\/tvbrazilusa.com\/pt\/wp-json\/wp\/v2\/posts\/110499","targetHints":{"allow":["GET"]}}],"collection":[{"href":"https:\/\/tvbrazilusa.com\/pt\/wp-json\/wp\/v2\/posts"}],"about":[{"href":"https:\/\/tvbrazilusa.com\/pt\/wp-json\/wp\/v2\/types\/post"}],"author":[{"embeddable":true,"href":"https:\/\/tvbrazilusa.com\/pt\/wp-json\/wp\/v2\/users\/1"}],"replies":[{"embeddable":true,"href":"https:\/\/tvbrazilusa.com\/pt\/wp-json\/wp\/v2\/comments?post=110499"}],"version-history":[{"count":1,"href":"https:\/\/tvbrazilusa.com\/pt\/wp-json\/wp\/v2\/posts\/110499\/revisions"}],"predecessor-version":[{"id":110501,"href":"https:\/\/tvbrazilusa.com\/pt\/wp-json\/wp\/v2\/posts\/110499\/revisions\/110501"}],"wp:featuredmedia":[{"embeddable":true,"href":"https:\/\/tvbrazilusa.com\/pt\/wp-json\/wp\/v2\/media\/110500"}],"wp:attachment":[{"href":"https:\/\/tvbrazilusa.com\/pt\/wp-json\/wp\/v2\/media?parent=110499"}],"wp:term":[{"taxonomy":"category","embeddable":true,"href":"https:\/\/tvbrazilusa.com\/pt\/wp-json\/wp\/v2\/categories?post=110499"},{"taxonomy":"post_tag","embeddable":true,"href":"https:\/\/tvbrazilusa.com\/pt\/wp-json\/wp\/v2\/tags?post=110499"}],"curies":[{"name":"wp","href":"https:\/\/api.w.org\/{rel}","templated":true}]}}