{"id":110502,"date":"2025-03-12T19:34:34","date_gmt":"2025-03-12T19:34:34","guid":{"rendered":"https:\/\/tvbrazilusa.com\/2025\/03\/12\/urgente-bandidos-invadem-estudios-globo-no-rj-e-assaltam-funcionarios\/"},"modified":"2025-03-12T19:34:36","modified_gmt":"2025-03-12T19:34:36","slug":"urgente-bandidos-invadem-estudios-globo-no-rj-e-assaltam-funcionarios","status":"publish","type":"post","link":"https:\/\/tvbrazilusa.com\/pt\/2025\/03\/12\/urgente-bandidos-invadem-estudios-globo-no-rj-e-assaltam-funcionarios\/","title":{"rendered":"URGENTE: Bandidos invadem Est\u00fadios Globo no RJ e assaltam funcion\u00e1rios"},"content":{"rendered":"<p> <script async src=\"https:\/\/pagead2.googlesyndication.com\/pagead\/js\/adsbygoogle.js?client=ca-pub-8864793242727901\"\r\n     crossorigin=\"anonymous\"><\/script><br \/>\n<\/p>\n<div>\n<figure class=\"post-image\">\n<\/figure>\n<p>            <span style=\"font-size: 12px\">Reprodu\u00e7\u00e3o<\/span><\/p>\n<p>            <!-- end metas --><br \/>\n            <!-- ADS --><\/p>\n<div id=\"taboola-read-more\" style=\"display:block; width:100%\">\n<p>Os Est\u00fadios Globo, antigo Projac, na Zona Oeste do Rio de Janeiro, foi invadido por criminosos na \u00faltima segunda-feira (10). Funcion\u00e1rios que estavam no local tiveram seus celulares roubados.\n<\/p>\n<p>O crime ocorreu em uma \u00e1rea isolada pr\u00f3xima \u00e0s instala\u00e7\u00f5es da novela\u00a0<em>Mania de Voc\u00ea<\/em>, mas n\u00e3o havia grava\u00e7\u00e3o no momento. Os funcion\u00e1rios rendidos foram seguran\u00e7as, bombeiros e trabalhadores da manuten\u00e7\u00e3o.<\/p>\n<p>De acordo com relatos, os bandidos pularam o muro e roubaram um carro na rua, logo ap\u00f3s rend\u00ea-los. Naquele momento estava sendo realizada uma opera\u00e7\u00e3o policial na comunidade Dois Irm\u00e3os, que fica pr\u00f3ximo aos Est\u00fadios Globo. A a\u00e7\u00e3o da pol\u00edcia era em combate tr\u00e1fico de drogas.\n<\/p>\n<p>Um colaborador disse ao Not\u00edcias da TV que no m\u00eas passado houve outra opera\u00e7\u00e3o da pol\u00edcia na comunidade vizinha, e a emissora teve que interromper as grava\u00e7\u00f5es de\u00a0<em>Mania de Voc\u00ea<\/em>. Um comunicado interno chegou a circular na ocasi\u00e3o.\n<\/p>\n<p>\u2013 A Pol\u00edcia Militar est\u00e1 realizando uma opera\u00e7\u00e3o na comunidade Dois Irm\u00e3os, localizada ao final da Estrada da Curicica. O EG [Est\u00fadios Globo] est\u00e1 a uma dist\u00e2ncia de seguran\u00e7a das opera\u00e7\u00f5es policiais, por\u00e9m aconselhamos os colaboradores a evitarem trafegar nessa dire\u00e7\u00e3o da Estrada da Curicica, dando prefer\u00eancia ao sentido Estrada dos Bandeirantes at\u00e9 o t\u00e9rmino da opera\u00e7\u00e3o policial. Estamos acompanhando o caso e manteremos todos informados \u2013 dizia o comunicado.<\/p>\n<p>Fonte: Pleno News              <\/p>\n<\/div>\n<p>                        <!-- Scripts para conteudo --><\/p>\n<p>            <!-- .\/Scripts para conteudo --><br \/>\n            <!-- .\/Mat\u00e9ria --><\/p>\n<div class=\"row mt-3\">\n<div class=\"col-sm-6\">\n                <!-- Whatsapp channel 3--><br \/>\n                <a href=\"https:\/\/chat.whatsapp.com\/B8Qy6Erx4kb6yTzj3kaDco\" target=\"_blank\"><br \/>\n                  <img decoding=\"async\" src=\"https:\/\/diariodobrasilnoticias.com.br\/assets-site\/images\/bot_whatsapp.png\"\/><\/a>\n              <\/div>\n<div class=\"col-sm-6\">\n                <a href=\"https:\/\/t.me\/+_4gTmi5LKo03OTM5\" target=\"_blank\"><br \/>\n                  <img decoding=\"async\" src=\"https:\/\/diariodobrasilnoticias.com.br\/assets-site\/images\/bot_telegram.png\"\/><\/a>\n              <\/div>\n<\/p><\/div>\n<p>            <!-- end post-navigation --><\/p>\n<p>              <!-- end row --><\/p>\n<p>              <!-- end col-12-->\n                      <\/div>\n<p><br \/>\n<br \/><a href=\"https:\/\/diariodobrasilnoticias.com.br\/noticia\/urgente-bandidos-invadem-estudios-globo-no-rj-e-assaltam-funcionarios-67d1aaf9b2f8f\">Source link <\/a><\/p>","protected":false},"excerpt":{"rendered":"<p>Reprodu\u00e7\u00e3o Os Est\u00fadios Globo, antigo Projac, na Zona Oeste do Rio de Janeiro, foi invadido por criminosos na \u00faltima segunda-feira (10). Funcion\u00e1rios que estavam no local tiveram seus celulares roubados.&hellip;<\/p>","protected":false},"author":1,"featured_media":110503,"comment_status":"closed","ping_status":"open","sticky":false,"template":"","format":"standard","meta":{"content-type":"","footnotes":""},"categories":[16],"tags":[123,2448,5313,1267],"class_list":["post-110502","post","type-post","status-publish","format-standard","has-post-thumbnail","hentry","category-noticias","tag-brasil","tag-diario","tag-noticia","tag-noticias"],"_links":{"self":[{"href":"https:\/\/tvbrazilusa.com\/pt\/wp-json\/wp\/v2\/posts\/110502","targetHints":{"allow":["GET"]}}],"collection":[{"href":"https:\/\/tvbrazilusa.com\/pt\/wp-json\/wp\/v2\/posts"}],"about":[{"href":"https:\/\/tvbrazilusa.com\/pt\/wp-json\/wp\/v2\/types\/post"}],"author":[{"embeddable":true,"href":"https:\/\/tvbrazilusa.com\/pt\/wp-json\/wp\/v2\/users\/1"}],"replies":[{"embeddable":true,"href":"https:\/\/tvbrazilusa.com\/pt\/wp-json\/wp\/v2\/comments?post=110502"}],"version-history":[{"count":1,"href":"https:\/\/tvbrazilusa.com\/pt\/wp-json\/wp\/v2\/posts\/110502\/revisions"}],"predecessor-version":[{"id":110504,"href":"https:\/\/tvbrazilusa.com\/pt\/wp-json\/wp\/v2\/posts\/110502\/revisions\/110504"}],"wp:featuredmedia":[{"embeddable":true,"href":"https:\/\/tvbrazilusa.com\/pt\/wp-json\/wp\/v2\/media\/110503"}],"wp:attachment":[{"href":"https:\/\/tvbrazilusa.com\/pt\/wp-json\/wp\/v2\/media?parent=110502"}],"wp:term":[{"taxonomy":"category","embeddable":true,"href":"https:\/\/tvbrazilusa.com\/pt\/wp-json\/wp\/v2\/categories?post=110502"},{"taxonomy":"post_tag","embeddable":true,"href":"https:\/\/tvbrazilusa.com\/pt\/wp-json\/wp\/v2\/tags?post=110502"}],"curies":[{"name":"wp","href":"https:\/\/api.w.org\/{rel}","templated":true}]}}