{"id":110596,"date":"2025-03-13T01:29:28","date_gmt":"2025-03-13T01:29:28","guid":{"rendered":"https:\/\/tvbrazilusa.com\/2025\/03\/13\/ex-gerente-do-starbucks-vai-a-justica-alegando-ter-sido-demitido-por-ser-hetero\/"},"modified":"2025-03-13T01:29:29","modified_gmt":"2025-03-13T01:29:29","slug":"ex-gerente-do-starbucks-vai-a-justica-alegando-ter-sido-demitido-por-ser-hetero","status":"publish","type":"post","link":"https:\/\/tvbrazilusa.com\/pt\/2025\/03\/13\/ex-gerente-do-starbucks-vai-a-justica-alegando-ter-sido-demitido-por-ser-hetero\/","title":{"rendered":"Ex-gerente do Starbucks vai \u00e0 justi\u00e7a alegando ter sido demitido &#8216;por ser h\u00e9tero&#8217;"},"content":{"rendered":"<p> <script async src=\"https:\/\/pagead2.googlesyndication.com\/pagead\/js\/adsbygoogle.js?client=ca-pub-8864793242727901\"\r\n     crossorigin=\"anonymous\"><\/script><br \/>\n<\/p>\n<div id=\"taboola-read-more\" style=\"display:block; width:100%\">\n<p>Um ex-gerente da Starbucks est\u00e1 processando a rede de cafeterias por discrimina\u00e7\u00e3o, retalia\u00e7\u00e3o e infli\u00e7\u00e3o intencional de sofrimento emocional, causadas, segundo ele, pelo fato de ser heterossexual. Christopher Thevanesan, que se define como um \u201cheterossexual t\u00edpico\u201d, alega que os seus chefes o tratavam de \u201cmaneira materialmente diferente\u201d em rela\u00e7\u00e3o a outros funcion\u00e1rios que \u201cn\u00e3o eram homens heterossexuais t\u00edpicos\u201d.\n<\/p>\n<p>O processo chegou \u00e0 Starbucks no fim de fevereiro. Nele, Christopher, de 47 anos e morador de Rochester (estado de Nova York, EUA), \u00e9 descrito como \u201cum funcion\u00e1rio modelo que desempenhou as fun\u00e7\u00f5es essenciais de seu emprego de forma exemplar\u201d. No entanto, alega a queixa, seus colegas de trabalho LGBTQIA+ criaram um ambiente \u201chostil\u201d devido \u00e0 sua \u201corienta\u00e7\u00e3o sexual e g\u00eanero t\u00edpico\u201d. Os superiores supostamente o demitiram quando ele reclamou, de acordo com reportagem no jornal \u201cIndependent\u201d.<\/p>\n<p>Neil Flynn, o advogado de Christopher, disse que a heterossexualidade do cliente foi \u201cusada como arma\u201d contra ele, num caso de \u201cdiscrimina\u00e7\u00e3o reversa\u201d, de acordo com reportagem no \u201cIndependent\u201d.\n<\/p>\n<p>O ex-gerente mudou de ramo e agora est\u00e1 trabalhando num banco. A Starbucks n\u00e3o se pronunciou sobre o caso.\n<\/p>\n<p>Fonte: @maisgoias \/ Instagram              <\/p>\n<\/div>\n<p><br \/>\n<br \/><a href=\"https:\/\/diariodobrasilnoticias.com.br\/noticia\/ex-gerente-do-starbucks-vai-a-justica-alegando-ter-sido-demitido-por-ser-hetero-67d1f5d857c42\">Source link <\/a><\/p>","protected":false},"excerpt":{"rendered":"<p>Um ex-gerente da Starbucks est\u00e1 processando a rede de cafeterias por discrimina\u00e7\u00e3o, retalia\u00e7\u00e3o e infli\u00e7\u00e3o intencional de sofrimento emocional, causadas, segundo ele, pelo fato de ser heterossexual. Christopher Thevanesan, que&hellip;<\/p>","protected":false},"author":1,"featured_media":110597,"comment_status":"closed","ping_status":"open","sticky":false,"template":"","format":"standard","meta":{"content-type":"","footnotes":""},"categories":[16],"tags":[123,2448,5313,1267],"class_list":["post-110596","post","type-post","status-publish","format-standard","has-post-thumbnail","hentry","category-noticias","tag-brasil","tag-diario","tag-noticia","tag-noticias"],"_links":{"self":[{"href":"https:\/\/tvbrazilusa.com\/pt\/wp-json\/wp\/v2\/posts\/110596","targetHints":{"allow":["GET"]}}],"collection":[{"href":"https:\/\/tvbrazilusa.com\/pt\/wp-json\/wp\/v2\/posts"}],"about":[{"href":"https:\/\/tvbrazilusa.com\/pt\/wp-json\/wp\/v2\/types\/post"}],"author":[{"embeddable":true,"href":"https:\/\/tvbrazilusa.com\/pt\/wp-json\/wp\/v2\/users\/1"}],"replies":[{"embeddable":true,"href":"https:\/\/tvbrazilusa.com\/pt\/wp-json\/wp\/v2\/comments?post=110596"}],"version-history":[{"count":1,"href":"https:\/\/tvbrazilusa.com\/pt\/wp-json\/wp\/v2\/posts\/110596\/revisions"}],"predecessor-version":[{"id":110598,"href":"https:\/\/tvbrazilusa.com\/pt\/wp-json\/wp\/v2\/posts\/110596\/revisions\/110598"}],"wp:featuredmedia":[{"embeddable":true,"href":"https:\/\/tvbrazilusa.com\/pt\/wp-json\/wp\/v2\/media\/110597"}],"wp:attachment":[{"href":"https:\/\/tvbrazilusa.com\/pt\/wp-json\/wp\/v2\/media?parent=110596"}],"wp:term":[{"taxonomy":"category","embeddable":true,"href":"https:\/\/tvbrazilusa.com\/pt\/wp-json\/wp\/v2\/categories?post=110596"},{"taxonomy":"post_tag","embeddable":true,"href":"https:\/\/tvbrazilusa.com\/pt\/wp-json\/wp\/v2\/tags?post=110596"}],"curies":[{"name":"wp","href":"https:\/\/api.w.org\/{rel}","templated":true}]}}