{"id":110599,"date":"2025-03-13T01:43:16","date_gmt":"2025-03-13T01:43:16","guid":{"rendered":"https:\/\/tvbrazilusa.com\/2025\/03\/13\/policia-de-choque-confronta-hooligans-em-buenos-aires-em-protestos-contra-governo-milei-veja-video\/"},"modified":"2025-03-13T01:43:18","modified_gmt":"2025-03-13T01:43:18","slug":"policia-de-choque-confronta-hooligans-em-buenos-aires-em-protestos-contra-governo-milei-veja-video","status":"publish","type":"post","link":"https:\/\/tvbrazilusa.com\/pt\/2025\/03\/13\/policia-de-choque-confronta-hooligans-em-buenos-aires-em-protestos-contra-governo-milei-veja-video\/","title":{"rendered":"Pol\u00edcia de choque confronta Hooligans em Buenos Aires em protestos contra governo Milei; VEJA V\u00cdDEO"},"content":{"rendered":"<p> <script async src=\"https:\/\/pagead2.googlesyndication.com\/pagead\/js\/adsbygoogle.js?client=ca-pub-8864793242727901\"\r\n     crossorigin=\"anonymous\"><\/script><br \/>\n<\/p>\n<div>\n<figure class=\"post-image\">\n<\/figure>\n<p>            <span style=\"font-size: 12px\">Reprodu\u00e7\u00e3o<\/span><\/p>\n<p>            <!-- end metas --><br \/>\n            <!-- ADS --><\/p>\n<div id=\"taboola-read-more\" style=\"display:block; width:100%\">\n<p>Na manh\u00e3 desta ter\u00e7a-feira, 12 de mar\u00e7o de 2025, a Pol\u00edcia de Choque Argentina entrou em a\u00e7\u00e3o no centro de Buenos Aires para dispersar um grupo de manifestantes conhecidos como &#8220;hooligans&#8221;, considerados radicais por autoridades locais. Os manifestantes protestavam contra o governo do presidente Javier Gerardo Milei e suas pol\u00edticas econ\u00f4micas e sociais, que t\u00eam gerado controv\u00e9rsia desde sua posse. Com uso de g\u00e1s lacrimog\u00eaneo e cassetetes, as for\u00e7as de seguran\u00e7a avan\u00e7aram pelas ruas da capital, resultando em confrontos intensos e algumas deten\u00e7\u00f5es, enquanto a tens\u00e3o pol\u00edtica no pa\u00eds continua a escalar.\n<\/p>\n<p><strong>ASSISTA:<\/strong><\/p>\n<blockquote class=\"twitter-tweet\" data-media-max-width=\"560\">\n<p dir=\"ltr\" lang=\"pt\">A Pol\u00edcia de Choque Argentina avan\u00e7a no centro de Buenos Aires contra os hooligans, grupo de manifestantes considerados &#8216;radicais&#8217; que protestam contra o governo de Milei e suas pol\u00edticas. <a href=\"https:\/\/t.co\/Jz3UG27YKm\">pic.twitter.com\/Jz3UG27YKm<\/a><br \/>\n\u2014 Brasil Paralelo (@brasilparalelo) <a href=\"https:\/\/twitter.com\/brasilparalelo\/status\/1899926345318039838?ref_src=twsrc%5Etfw\">March 12, 2025<\/a><\/p>\n<\/blockquote>\n<\/div>\n<p>Fonte: @brasilparalelo \/ X              <\/p>\n<\/div>\n<p><script async src=\"\/\/platform.twitter.com\/widgets.js\" charset=\"utf-8\"><\/script><br \/>\n<br \/><br \/>\n<br \/><a href=\"https:\/\/diariodobrasilnoticias.com.br\/noticia\/policia-de-choque-confronta-hooligans-em-buenos-aires-em-protestos-contra-governo-milei-veja-video-67d2043f84aff\">Source link <\/a><\/p>","protected":false},"excerpt":{"rendered":"<p>Reprodu\u00e7\u00e3o Na manh\u00e3 desta ter\u00e7a-feira, 12 de mar\u00e7o de 2025, a Pol\u00edcia de Choque Argentina entrou em a\u00e7\u00e3o no centro de Buenos Aires para dispersar um grupo de manifestantes conhecidos&hellip;<\/p>","protected":false},"author":1,"featured_media":110600,"comment_status":"closed","ping_status":"open","sticky":false,"template":"","format":"standard","meta":{"content-type":"","footnotes":""},"categories":[16],"tags":[123,2448,5313,1267],"class_list":["post-110599","post","type-post","status-publish","format-standard","has-post-thumbnail","hentry","category-noticias","tag-brasil","tag-diario","tag-noticia","tag-noticias"],"_links":{"self":[{"href":"https:\/\/tvbrazilusa.com\/pt\/wp-json\/wp\/v2\/posts\/110599","targetHints":{"allow":["GET"]}}],"collection":[{"href":"https:\/\/tvbrazilusa.com\/pt\/wp-json\/wp\/v2\/posts"}],"about":[{"href":"https:\/\/tvbrazilusa.com\/pt\/wp-json\/wp\/v2\/types\/post"}],"author":[{"embeddable":true,"href":"https:\/\/tvbrazilusa.com\/pt\/wp-json\/wp\/v2\/users\/1"}],"replies":[{"embeddable":true,"href":"https:\/\/tvbrazilusa.com\/pt\/wp-json\/wp\/v2\/comments?post=110599"}],"version-history":[{"count":1,"href":"https:\/\/tvbrazilusa.com\/pt\/wp-json\/wp\/v2\/posts\/110599\/revisions"}],"predecessor-version":[{"id":110601,"href":"https:\/\/tvbrazilusa.com\/pt\/wp-json\/wp\/v2\/posts\/110599\/revisions\/110601"}],"wp:featuredmedia":[{"embeddable":true,"href":"https:\/\/tvbrazilusa.com\/pt\/wp-json\/wp\/v2\/media\/110600"}],"wp:attachment":[{"href":"https:\/\/tvbrazilusa.com\/pt\/wp-json\/wp\/v2\/media?parent=110599"}],"wp:term":[{"taxonomy":"category","embeddable":true,"href":"https:\/\/tvbrazilusa.com\/pt\/wp-json\/wp\/v2\/categories?post=110599"},{"taxonomy":"post_tag","embeddable":true,"href":"https:\/\/tvbrazilusa.com\/pt\/wp-json\/wp\/v2\/tags?post=110599"}],"curies":[{"name":"wp","href":"https:\/\/api.w.org\/{rel}","templated":true}]}}