{"id":110642,"date":"2025-03-13T10:21:42","date_gmt":"2025-03-13T10:21:42","guid":{"rendered":"https:\/\/tvbrazilusa.com\/2025\/03\/13\/nova-presidente-do-tribunal-militar-quer-tirar-a-patente-de-capitao-de-bolsonaro\/"},"modified":"2025-03-13T10:21:44","modified_gmt":"2025-03-13T10:21:44","slug":"nova-presidente-do-tribunal-militar-quer-tirar-a-patente-de-capitao-de-bolsonaro","status":"publish","type":"post","link":"https:\/\/tvbrazilusa.com\/pt\/2025\/03\/13\/nova-presidente-do-tribunal-militar-quer-tirar-a-patente-de-capitao-de-bolsonaro\/","title":{"rendered":"Nova presidente do Tribunal Militar quer tirar a patente de capit\u00e3o de Bolsonaro"},"content":{"rendered":"<p> <script async src=\"https:\/\/pagead2.googlesyndication.com\/pagead\/js\/adsbygoogle.js?client=ca-pub-8864793242727901\"\r\n     crossorigin=\"anonymous\"><\/script><br \/>\n<\/p>\n<div id=\"taboola-read-more\" style=\"display:block; width:100%\">\n<p>A ministra Maria Elizabeth Rocha, nova presidente do Superior Tribunal Militar (STM), disse, nesta quarta-feira (12\/3), que o ex-presidente Jair Bolsonaro (PL) poder\u00e1 perder a patente militar de capit\u00e3o, caso seja condenado na Corte. No entanto, para isso \u00e9 necess\u00e1rio que o Minist\u00e9rio P\u00fablico Militar se manifeste por eventuais crimes do ex-chefe do Executivo.\n<\/p>\n<p>Maria Elizabeth tomou posse como a primeira mulher a presidir a Corte nesta quarta. Ela foi nomeada como ministra do STM pelo presidente Luiz In\u00e1cio Lula da Silva (PT), em 2007.<\/p>\n<p>\u201cSe for o caso, sim, ele [Bolsonaro] pode ser submetido a um Conselho de Justifica\u00e7\u00e3o, a representa\u00e7\u00e3o de dignidade. Ele pode ser julgado tamb\u00e9m por crimes militares, como dissita\u00e7\u00e3o, por exemplo, dissita\u00e7\u00e3o \u00e0 tropa. Ent\u00e3o, tudo vai depender de como \u00e9 que vai ser feita a cura\u00e7\u00e3o penal do Supremo Tribunal Federal\u201d, disse a presidente do STM.\n<\/p>\n<p>Maria Elizabeth destacou que identificou poss\u00edveis crimes militares cometidos, no entanto, ela preferiu n\u00e3o citar nenhum em decorr\u00eancia de que o Minist\u00e9rio P\u00fablico Militar ainda n\u00e3o se manifestou a respeito.\n<\/p>\n<p>\u201cS\u00e3o crimes diferenciados, julgados e foros diferenciados, na jurisdi\u00e7\u00e3o criminal e na jurisdi\u00e7\u00e3o. E a\u00ed ele pode ser dedicado na limita\u00e7\u00e3o do militar da reserva\u201d, destacou. Eu identifico alguns [crimes], mas eu acho que n\u00e3o cabe a mim identificar, esse \u00e9 o papel do Minist\u00e9rio Militar, ele \u00e9 o autor da a\u00e7\u00e3o penal, ele \u00e9 o detentor da den\u00fancia. E se ele n\u00e3o se pronunciou, seria um pr\u00e9-julgamento da minha parte mencionar qualquer um deles.\u201d\n<\/p>\n<p>A presidente do STM pontuou que a Justi\u00e7a Militar ir\u00e1 se manifestar sobre a den\u00fancia contra militares depois que todos os julgamentos tramitarem em julgado, quando n\u00e3o h\u00e1 mais op\u00e7\u00f5es de recurso.\n<\/p>\n<p>A Procuradoria-Geral da Rep\u00fablica (PGR) enviou den\u00fancia ao Supremo Tribunal Federal (STF) contra 24 militares, incluindo almirantes.\n<\/p>\n<p>Segundo a PGR, o ex-presidente Jair Bolsonaro (PL) era l\u00edder de uma organiza\u00e7\u00e3o criminosa que tinha como objetivo a manuten\u00e7\u00e3o dele no poder. O grupo tinha uma trama golpista que inclu\u00eda a morte do ent\u00e3o presidente eleito Lula, o vice Geraldo Alckmin e o ministro Alexandre de Moraes, do STF.\n<\/p>\n<p>O envolvimento dos militares no caso est\u00e1 sendo analisado no STF, no entanto, o C\u00f3digo Penal Militar prev\u00ea diversos crimes que podem ser aplicados ao suposto envolvidos na trama, como \u201corganiza\u00e7\u00e3o de grupo para a pr\u00e1tica de viol\u00eancia\u201d, tentativa de \u201csequestro ou c\u00e1rcere privado\u201d e at\u00e9 \u201chomic\u00eddio qualificado\u201d.\n<\/p>\n<\/p><\/div>\n<p><br \/>\n<br \/><a href=\"https:\/\/diariodobrasilnoticias.com.br\/noticia\/nova-presidente-do-tribunal-militar-quer-tirar-a-patente-de-capitao-de-bolsonaro-67d2b00bbc50f\">Source link <\/a><\/p>","protected":false},"excerpt":{"rendered":"<p>A ministra Maria Elizabeth Rocha, nova presidente do Superior Tribunal Militar (STM), disse, nesta quarta-feira (12\/3), que o ex-presidente Jair Bolsonaro (PL) poder\u00e1 perder a patente militar de capit\u00e3o, caso&hellip;<\/p>","protected":false},"author":1,"featured_media":110643,"comment_status":"closed","ping_status":"open","sticky":false,"template":"","format":"standard","meta":{"content-type":"","footnotes":""},"categories":[16],"tags":[123,2448,5313,1267],"class_list":["post-110642","post","type-post","status-publish","format-standard","has-post-thumbnail","hentry","category-noticias","tag-brasil","tag-diario","tag-noticia","tag-noticias"],"_links":{"self":[{"href":"https:\/\/tvbrazilusa.com\/pt\/wp-json\/wp\/v2\/posts\/110642","targetHints":{"allow":["GET"]}}],"collection":[{"href":"https:\/\/tvbrazilusa.com\/pt\/wp-json\/wp\/v2\/posts"}],"about":[{"href":"https:\/\/tvbrazilusa.com\/pt\/wp-json\/wp\/v2\/types\/post"}],"author":[{"embeddable":true,"href":"https:\/\/tvbrazilusa.com\/pt\/wp-json\/wp\/v2\/users\/1"}],"replies":[{"embeddable":true,"href":"https:\/\/tvbrazilusa.com\/pt\/wp-json\/wp\/v2\/comments?post=110642"}],"version-history":[{"count":1,"href":"https:\/\/tvbrazilusa.com\/pt\/wp-json\/wp\/v2\/posts\/110642\/revisions"}],"predecessor-version":[{"id":110644,"href":"https:\/\/tvbrazilusa.com\/pt\/wp-json\/wp\/v2\/posts\/110642\/revisions\/110644"}],"wp:featuredmedia":[{"embeddable":true,"href":"https:\/\/tvbrazilusa.com\/pt\/wp-json\/wp\/v2\/media\/110643"}],"wp:attachment":[{"href":"https:\/\/tvbrazilusa.com\/pt\/wp-json\/wp\/v2\/media?parent=110642"}],"wp:term":[{"taxonomy":"category","embeddable":true,"href":"https:\/\/tvbrazilusa.com\/pt\/wp-json\/wp\/v2\/categories?post=110642"},{"taxonomy":"post_tag","embeddable":true,"href":"https:\/\/tvbrazilusa.com\/pt\/wp-json\/wp\/v2\/tags?post=110642"}],"curies":[{"name":"wp","href":"https:\/\/api.w.org\/{rel}","templated":true}]}}