{"id":110651,"date":"2025-03-13T11:01:23","date_gmt":"2025-03-13T11:01:23","guid":{"rendered":"https:\/\/tvbrazilusa.com\/2025\/03\/13\/mesmo-depois-de-silvio-almeida-assedio-continua-no-ministerio-dos-direitos-humanos-diz-mpt\/"},"modified":"2025-03-13T11:01:25","modified_gmt":"2025-03-13T11:01:25","slug":"mesmo-depois-de-silvio-almeida-assedio-continua-no-ministerio-dos-direitos-humanos-diz-mpt","status":"publish","type":"post","link":"https:\/\/tvbrazilusa.com\/pt\/2025\/03\/13\/mesmo-depois-de-silvio-almeida-assedio-continua-no-ministerio-dos-direitos-humanos-diz-mpt\/","title":{"rendered":"Mesmo depois de Silvio Almeida, ass\u00e9dio continua no Minist\u00e9rio dos Direitos Humanos, diz MPT"},"content":{"rendered":"<p> <script async src=\"https:\/\/pagead2.googlesyndication.com\/pagead\/js\/adsbygoogle.js?client=ca-pub-8864793242727901\"\r\n     crossorigin=\"anonymous\"><\/script><br \/>\n<\/p>\n<div>\n<figure class=\"post-image\">\n<\/figure>\n<p>            <span style=\"font-size: 12px\">Foto: Fernando Fraz\u00e3o\/Ag\u00eancia Brasil<\/span><\/p>\n<p>            <!-- end metas --><br \/>\n            <!-- ADS --><\/p>\n<div id=\"taboola-read-more\" style=\"display:block; width:100%\">\n<p>O\u00a0<a href=\"https:\/\/mpt.mp.br\/\" target=\"_blank\" rel=\"noopener noreferrer\"><strong>Minist\u00e9rio P\u00fablico do Trabalho (MPT)<\/strong><\/a>\u00a0encontrou ind\u00edcios de que a pr\u00e1tica de ass\u00e9dio moral no Minist\u00e9rio dos Direitos Humanos \u00e9 em \u00e2mbito geral. O \u00f3rg\u00e3o acredita que os poss\u00edveis crimes continuam, mesmo depois da sa\u00edda do\u00a0<a href=\"https:\/\/revistaoeste.com\/politica\/lula-foi-alertado-por-4-pessoas-sobre-silvio-almeida-e-anielle\/\" target=\"_blank\" rel=\"noopener noreferrer\"><strong>ministro Silvio Almeida<\/strong><\/a>. O ent\u00e3o chefe da pasta perdeu o cargo no ano passado em raz\u00e3o de den\u00fancias de ass\u00e9dio e importuna\u00e7\u00e3o sexual, inclusive contra a ministra da Igualdade Racial, Anielle Franco.\n<\/p>\n<p>\u00a0<\/p>\n<p>Conforme reportagem do jornal\u00a0<em>O Estado de S. Paulo<\/em>, um inqu\u00e9rito do MPT apura supostos casos de ass\u00e9dio moral na pasta. O epis\u00f3dio que envolveu Almeida continua sob investiga\u00e7\u00e3o da Pol\u00edcia Federal, em um processo que tramita no Supremo Tribunal Federal (STF).\u00a0<\/p>\n<h2 class=\"wp-block-heading\"><strong>Para MPT, problemas s\u00e3o generalizados<\/strong><\/h2>\n<p>O Minist\u00e9rio dos Direitos Humanos afirmou ao jornal que, desde a posse da ministra\u00a0<a href=\"https:\/\/revistaoeste.com\/no-ponto\/na-posse-macae-nao-cita-silvio-almeida-nem-caso-de-assedio-nos-direitos-humanos\/\" target=\"_blank\" rel=\"noopener noreferrer\"><strong>Maca\u00e9 Evaristo<\/strong><\/a>, apura todas as den\u00fancias. No come\u00e7o das apura\u00e7\u00f5es, integrantes do MPT suspeitavam que o ass\u00e9dio moral dentro da pasta era pontual, concentrado no alto escal\u00e3o, e envolvia apenas servidores que tinham rela\u00e7\u00e3o direta com o ent\u00e3o ministro Silvio Almeida.\u00a0\n<\/p>\n<p>Depoimentos de v\u00edtimas e testemunhas anexados ao inqu\u00e9rito mostraram, no entanto, que as irregularidades continuaram. A constata\u00e7\u00e3o fez com que a investiga\u00e7\u00e3o se ampliasse para outros departamentos. A suspeita ganhou for\u00e7a em raz\u00e3o do alto n\u00famero de afastamentos por sa\u00fade mental.<\/p>\n<p>Fonte: revista Oeste              <\/p>\n<\/div>\n<p>                        <!-- Scripts para conteudo --><\/p>\n<p>            <!-- .\/Scripts para conteudo --><br \/>\n            <!-- .\/Mat\u00e9ria --><\/p>\n<div class=\"row mt-3\">\n<div class=\"col-sm-6\">\n                <!-- Whatsapp channel 3--><br \/>\n                <a href=\"https:\/\/chat.whatsapp.com\/B8Qy6Erx4kb6yTzj3kaDco\" target=\"_blank\"><br \/>\n                  <img decoding=\"async\" src=\"https:\/\/diariodobrasilnoticias.com.br\/assets-site\/images\/bot_whatsapp.png\"\/><\/a>\n              <\/div>\n<div class=\"col-sm-6\">\n                <a href=\"https:\/\/t.me\/+_4gTmi5LKo03OTM5\" target=\"_blank\"><br \/>\n                  <img decoding=\"async\" src=\"https:\/\/diariodobrasilnoticias.com.br\/assets-site\/images\/bot_telegram.png\"\/><\/a>\n              <\/div>\n<\/p><\/div>\n<p>            <!-- end post-navigation --><\/p>\n<p>              <!-- end row --><\/p>\n<p>              <!-- end col-12-->\n                      <\/div>\n<p><br \/>\n<br \/><a href=\"https:\/\/diariodobrasilnoticias.com.br\/noticia\/mesmo-depois-de-silvio-almeida-assedio-continua-no-ministerio-dos-direitos-humanos-diz-mpt-67d2af2f77517\">Source link <\/a><\/p>","protected":false},"excerpt":{"rendered":"<p>Foto: Fernando Fraz\u00e3o\/Ag\u00eancia Brasil O\u00a0Minist\u00e9rio P\u00fablico do Trabalho (MPT)\u00a0encontrou ind\u00edcios de que a pr\u00e1tica de ass\u00e9dio moral no Minist\u00e9rio dos Direitos Humanos \u00e9 em \u00e2mbito geral. O \u00f3rg\u00e3o acredita que&hellip;<\/p>","protected":false},"author":1,"featured_media":110652,"comment_status":"closed","ping_status":"open","sticky":false,"template":"","format":"standard","meta":{"content-type":"","footnotes":""},"categories":[16],"tags":[123,2448,5313,1267],"class_list":["post-110651","post","type-post","status-publish","format-standard","has-post-thumbnail","hentry","category-noticias","tag-brasil","tag-diario","tag-noticia","tag-noticias"],"_links":{"self":[{"href":"https:\/\/tvbrazilusa.com\/pt\/wp-json\/wp\/v2\/posts\/110651","targetHints":{"allow":["GET"]}}],"collection":[{"href":"https:\/\/tvbrazilusa.com\/pt\/wp-json\/wp\/v2\/posts"}],"about":[{"href":"https:\/\/tvbrazilusa.com\/pt\/wp-json\/wp\/v2\/types\/post"}],"author":[{"embeddable":true,"href":"https:\/\/tvbrazilusa.com\/pt\/wp-json\/wp\/v2\/users\/1"}],"replies":[{"embeddable":true,"href":"https:\/\/tvbrazilusa.com\/pt\/wp-json\/wp\/v2\/comments?post=110651"}],"version-history":[{"count":1,"href":"https:\/\/tvbrazilusa.com\/pt\/wp-json\/wp\/v2\/posts\/110651\/revisions"}],"predecessor-version":[{"id":110653,"href":"https:\/\/tvbrazilusa.com\/pt\/wp-json\/wp\/v2\/posts\/110651\/revisions\/110653"}],"wp:featuredmedia":[{"embeddable":true,"href":"https:\/\/tvbrazilusa.com\/pt\/wp-json\/wp\/v2\/media\/110652"}],"wp:attachment":[{"href":"https:\/\/tvbrazilusa.com\/pt\/wp-json\/wp\/v2\/media?parent=110651"}],"wp:term":[{"taxonomy":"category","embeddable":true,"href":"https:\/\/tvbrazilusa.com\/pt\/wp-json\/wp\/v2\/categories?post=110651"},{"taxonomy":"post_tag","embeddable":true,"href":"https:\/\/tvbrazilusa.com\/pt\/wp-json\/wp\/v2\/tags?post=110651"}],"curies":[{"name":"wp","href":"https:\/\/api.w.org\/{rel}","templated":true}]}}