{"id":110726,"date":"2025-03-13T16:18:47","date_gmt":"2025-03-13T16:18:47","guid":{"rendered":"https:\/\/tvbrazilusa.com\/2025\/03\/13\/governo-deve-gastar-milhoes-com-carros-para-a-agu-confira-valor\/"},"modified":"2025-03-13T16:18:51","modified_gmt":"2025-03-13T16:18:51","slug":"governo-deve-gastar-milhoes-com-carros-para-a-agu-confira-valor","status":"publish","type":"post","link":"https:\/\/tvbrazilusa.com\/pt\/2025\/03\/13\/governo-deve-gastar-milhoes-com-carros-para-a-agu-confira-valor\/","title":{"rendered":"Governo deve gastar milh\u00f5es com carros para a AGU; CONFIRA VALOR"},"content":{"rendered":"<p> <script async src=\"https:\/\/pagead2.googlesyndication.com\/pagead\/js\/adsbygoogle.js?client=ca-pub-8864793242727901\"\r\n     crossorigin=\"anonymous\"><\/script><br \/>\n<\/p>\n<div id=\"taboola-read-more\" style=\"display:block; width:100%\">\n<p>O governo Lula reservou pouco mais de R$ 2,5 milh\u00f5es para alugar ve\u00edculos destinados a atender unidades da Advocacia-Geral da Uni\u00e3o (AGU) em Bel\u00e9m, Santar\u00e9m e Marab\u00e1, no Par\u00e1 (PA). O contrato ter\u00e1 dura\u00e7\u00e3o de 30 meses.\n<\/p>\n<p>A quantia servir\u00e1 tamb\u00e9m para custear os sal\u00e1rios dos motoristas, bem como o combust\u00edvel.<\/p>\n<p>Conforme o pedido, os sed\u00e3s precisam ter \u201ccor branca, ar-condicionado, vidros el\u00e9tricos dianteiros e traseiros, tapetes e retrovisores, capacidade para cinco passageiros incluindo o condutor, dire\u00e7\u00e3o hidr\u00e1ulica ou el\u00e9trica e capacidade m\u00ednima de bagageiro\u201d, com ano de fabrica\u00e7\u00e3o entre 2024 e 2025. H\u00e1 ainda solicita\u00e7\u00e3o por picapes.\n<\/p>\n<p>\u201cAs unidades da AGU no PA necessitam dos servi\u00e7os de transporte de materiais, membros e servidores, documentos e pequenas cargas, mediante disponibiliza\u00e7\u00e3o de loca\u00e7\u00e3o de ve\u00edculos, motoristas, combust\u00edveis e todos os insumos necess\u00e1rios ao atendimento das demandas log\u00edsticas e administrativas, no suporte \u00e0 atividade final e eventualmente em viagens\u201d, justificou o governo.\n<\/p>\n<p>Prioridades do governo Lula\n<\/p>\n<p>O\u00a0governo\u00a0vai incluir novas despesas no\u00a0Or\u00e7amento\u00a0de 2025 para contemplar aliados hist\u00f3ricos, como o\u00a0Movimento dos Sem Terra e pol\u00edticos do\u00a0centr\u00e3o.\n<\/p>\n<p>S\u00e3o quase R$ 40 bilh\u00f5es em remanejamento de gastos na pe\u00e7a or\u00e7ament\u00e1ria que irrigam ainda pol\u00edticas p\u00fablicas que s\u00e3o vitrine dos governos petistas, como o\u00a0Programa de Acelera\u00e7\u00e3o do Crescimento.\n<\/p>\n<p>Os novos gastos foram enviados pelo\u00a0Minist\u00e9rio do Planejamento\u00a0\u00e0 Comiss\u00e3o Mista de Or\u00e7amento e ao presidente do Congresso, Davi Alcolumbre (Uni\u00e3o-AP), na ter\u00e7a-feira 11.\n<\/p>\n<p>Eles s\u00e3o financiados por cancelamentos ou redu\u00e7\u00f5es de outras despesas at\u00e9 ent\u00e3o previstas.<\/p>\n<p>Fonte: Revista Oeste              <\/p>\n<\/div>\n<p><br \/>\n<br \/><a href=\"https:\/\/diariodobrasilnoticias.com.br\/noticia\/governo-deve-gastar-milhoes-com-carros-para-a-agu-confira-valor-67d2ea205b16a\">Source link <\/a><\/p>","protected":false},"excerpt":{"rendered":"<p>O governo Lula reservou pouco mais de R$ 2,5 milh\u00f5es para alugar ve\u00edculos destinados a atender unidades da Advocacia-Geral da Uni\u00e3o (AGU) em Bel\u00e9m, Santar\u00e9m e Marab\u00e1, no Par\u00e1 (PA).&hellip;<\/p>","protected":false},"author":1,"featured_media":110727,"comment_status":"closed","ping_status":"open","sticky":false,"template":"","format":"standard","meta":{"content-type":"","footnotes":""},"categories":[16],"tags":[123,2448,5313,1267],"class_list":["post-110726","post","type-post","status-publish","format-standard","has-post-thumbnail","hentry","category-noticias","tag-brasil","tag-diario","tag-noticia","tag-noticias"],"_links":{"self":[{"href":"https:\/\/tvbrazilusa.com\/pt\/wp-json\/wp\/v2\/posts\/110726","targetHints":{"allow":["GET"]}}],"collection":[{"href":"https:\/\/tvbrazilusa.com\/pt\/wp-json\/wp\/v2\/posts"}],"about":[{"href":"https:\/\/tvbrazilusa.com\/pt\/wp-json\/wp\/v2\/types\/post"}],"author":[{"embeddable":true,"href":"https:\/\/tvbrazilusa.com\/pt\/wp-json\/wp\/v2\/users\/1"}],"replies":[{"embeddable":true,"href":"https:\/\/tvbrazilusa.com\/pt\/wp-json\/wp\/v2\/comments?post=110726"}],"version-history":[{"count":1,"href":"https:\/\/tvbrazilusa.com\/pt\/wp-json\/wp\/v2\/posts\/110726\/revisions"}],"predecessor-version":[{"id":110728,"href":"https:\/\/tvbrazilusa.com\/pt\/wp-json\/wp\/v2\/posts\/110726\/revisions\/110728"}],"wp:featuredmedia":[{"embeddable":true,"href":"https:\/\/tvbrazilusa.com\/pt\/wp-json\/wp\/v2\/media\/110727"}],"wp:attachment":[{"href":"https:\/\/tvbrazilusa.com\/pt\/wp-json\/wp\/v2\/media?parent=110726"}],"wp:term":[{"taxonomy":"category","embeddable":true,"href":"https:\/\/tvbrazilusa.com\/pt\/wp-json\/wp\/v2\/categories?post=110726"},{"taxonomy":"post_tag","embeddable":true,"href":"https:\/\/tvbrazilusa.com\/pt\/wp-json\/wp\/v2\/tags?post=110726"}],"curies":[{"name":"wp","href":"https:\/\/api.w.org\/{rel}","templated":true}]}}