{"id":110753,"date":"2025-03-13T17:47:25","date_gmt":"2025-03-13T17:47:25","guid":{"rendered":"https:\/\/tvbrazilusa.com\/2025\/03\/13\/jornalista-pede-demissao-da-globo-para-fechar-com-outra-emissora\/"},"modified":"2025-03-13T17:47:26","modified_gmt":"2025-03-13T17:47:26","slug":"jornalista-pede-demissao-da-globo-para-fechar-com-outra-emissora","status":"publish","type":"post","link":"https:\/\/tvbrazilusa.com\/pt\/2025\/03\/13\/jornalista-pede-demissao-da-globo-para-fechar-com-outra-emissora\/","title":{"rendered":"Jornalista pede demiss\u00e3o da Globo para fechar com outra emissora"},"content":{"rendered":"<p> <script async src=\"https:\/\/pagead2.googlesyndication.com\/pagead\/js\/adsbygoogle.js?client=ca-pub-8864793242727901\"\r\n     crossorigin=\"anonymous\"><\/script><br \/>\n<\/p>\n<div id=\"taboola-read-more\" style=\"display:block; width:100%\">\n<p>A jornalista B\u00e1rbara Coelho, conhecida por sua atua\u00e7\u00e3o no Esporte Espetacular da Globo, tomou uma decis\u00e3o que pegou todos de surpresa: deixar a emissora ap\u00f3s mais de uma d\u00e9cada de colabora\u00e7\u00e3o.\n<\/p>\n<p>A not\u00edcia, divulgada na \u00faltima ter\u00e7a-feira, 11, aponta que B\u00e1rbara est\u00e1 prestes a iniciar uma nova fase em sua carreira na Caz\u00e9TV, um canal que se destaca pela transmiss\u00e3o de eventos esportivos.<\/p>\n<p>O an\u00fancio de sua sa\u00edda foi feito pela Folha de S.Paulo, que tamb\u00e9m revelou que a Globo tentou persuadir a jornalista a permanecer, oferecendo-lhe a oportunidade de se tornar comentarista em eventos esportivos.\n<\/p>\n<p>No entanto, B\u00e1rbara optou por seguir novos caminhos, buscando explorar projetos pessoais e profissionais que a motivam.\n<\/p>\n<p>Por que B\u00e1rbara Coelho escolheu a Caz\u00e9TV?<br \/>A decis\u00e3o de B\u00e1rbara Coelho de se juntar \u00e0 Caz\u00e9TV est\u00e1 alinhada com seu desejo de expandir suas experi\u00eancias no mundo esportivo.\n<\/p>\n<p>Na nova emissora, ela ter\u00e1 um papel significativo nas transmiss\u00f5es do Campeonato Brasileiro, um dos eventos mais importantes do calend\u00e1rio esportivo nacional.\n<\/p>\n<p>Al\u00e9m disso, a mudan\u00e7a permitir\u00e1 que ela se dedique a projetos pessoais, incluindo a media\u00e7\u00e3o de eventos esportivos e palestras, \u00e1reas nas quais tem se destacado nos \u00faltimos anos.\n<\/p>\n<p>Como foi sua trajet\u00f3ria na Globo?<br \/>B\u00e1rbara Coelho iniciou sua carreira na Globo em 2013, quando foi contratada como apresentadora do Sportv.\n<\/p>\n<p>Sua habilidade em mediar programas esportivos rapidamente a destacou, levando-a a assumir o comando do T\u00e1 na \u00c1rea.\n<\/p>\n<p>Em 2018, ela deu um passo importante ao substituir Fernanda Gentil no Esporte Espetacular, consolidando-se como um dos principais rostos do esporte na emissora.\n<\/p>\n<p>O que esperar do futuro de B\u00e1rbara Coelho?<br \/>Com sua mudan\u00e7a para a Caz\u00e9TV, B\u00e1rbara Coelho est\u00e1 prestes a embarcar em uma nova fase de sua carreira. A expectativa \u00e9 que ela continue a contribuir significativamente para o jornalismo esportivo, trazendo sua experi\u00eancia e carisma para um p\u00fablico ainda mais amplo.\n<\/p>\n<p>Al\u00e9m disso, seu foco em projetos pessoais pode abrir novas oportunidades e caminhos, enriquecendo ainda mais sua trajet\u00f3ria profissional.\n<\/p>\n<p>Essa transi\u00e7\u00e3o marca n\u00e3o apenas uma mudan\u00e7a de emissora, mas tamb\u00e9m uma evolu\u00e7\u00e3o na carreira de B\u00e1rbara Coelho, que continua a buscar novos desafios e a expandir seus horizontes no mundo do esporte.<\/p>\n<p>Fonte: O antagonista\n              <\/p>\n<\/div>\n<p><br \/>\n<br \/><a href=\"https:\/\/diariodobrasilnoticias.com.br\/noticia\/jornalista-pede-demissao-da-globo-para-fechar-com-outra-emissora-67d2f64b94ceb\">Source link <\/a><\/p>","protected":false},"excerpt":{"rendered":"<p>A jornalista B\u00e1rbara Coelho, conhecida por sua atua\u00e7\u00e3o no Esporte Espetacular da Globo, tomou uma decis\u00e3o que pegou todos de surpresa: deixar a emissora ap\u00f3s mais de uma d\u00e9cada de&hellip;<\/p>","protected":false},"author":1,"featured_media":110754,"comment_status":"closed","ping_status":"open","sticky":false,"template":"","format":"standard","meta":{"content-type":"","footnotes":""},"categories":[16],"tags":[123,2448,5313,1267],"class_list":["post-110753","post","type-post","status-publish","format-standard","has-post-thumbnail","hentry","category-noticias","tag-brasil","tag-diario","tag-noticia","tag-noticias"],"_links":{"self":[{"href":"https:\/\/tvbrazilusa.com\/pt\/wp-json\/wp\/v2\/posts\/110753","targetHints":{"allow":["GET"]}}],"collection":[{"href":"https:\/\/tvbrazilusa.com\/pt\/wp-json\/wp\/v2\/posts"}],"about":[{"href":"https:\/\/tvbrazilusa.com\/pt\/wp-json\/wp\/v2\/types\/post"}],"author":[{"embeddable":true,"href":"https:\/\/tvbrazilusa.com\/pt\/wp-json\/wp\/v2\/users\/1"}],"replies":[{"embeddable":true,"href":"https:\/\/tvbrazilusa.com\/pt\/wp-json\/wp\/v2\/comments?post=110753"}],"version-history":[{"count":1,"href":"https:\/\/tvbrazilusa.com\/pt\/wp-json\/wp\/v2\/posts\/110753\/revisions"}],"predecessor-version":[{"id":110755,"href":"https:\/\/tvbrazilusa.com\/pt\/wp-json\/wp\/v2\/posts\/110753\/revisions\/110755"}],"wp:featuredmedia":[{"embeddable":true,"href":"https:\/\/tvbrazilusa.com\/pt\/wp-json\/wp\/v2\/media\/110754"}],"wp:attachment":[{"href":"https:\/\/tvbrazilusa.com\/pt\/wp-json\/wp\/v2\/media?parent=110753"}],"wp:term":[{"taxonomy":"category","embeddable":true,"href":"https:\/\/tvbrazilusa.com\/pt\/wp-json\/wp\/v2\/categories?post=110753"},{"taxonomy":"post_tag","embeddable":true,"href":"https:\/\/tvbrazilusa.com\/pt\/wp-json\/wp\/v2\/tags?post=110753"}],"curies":[{"name":"wp","href":"https:\/\/api.w.org\/{rel}","templated":true}]}}