{"id":110895,"date":"2025-03-14T00:49:19","date_gmt":"2025-03-14T00:49:19","guid":{"rendered":"https:\/\/tvbrazilusa.com\/2025\/03\/14\/presidente-da-oab-sp-critica-a-decisao-do-stf-sobre-o-foro-privilegiado\/"},"modified":"2025-03-14T00:49:20","modified_gmt":"2025-03-14T00:49:20","slug":"presidente-da-oab-sp-critica-a-decisao-do-stf-sobre-o-foro-privilegiado","status":"publish","type":"post","link":"https:\/\/tvbrazilusa.com\/pt\/2025\/03\/14\/presidente-da-oab-sp-critica-a-decisao-do-stf-sobre-o-foro-privilegiado\/","title":{"rendered":"Presidente da OAB-SP critica a decis\u00e3o do STF sobre o foro privilegiado"},"content":{"rendered":"<p> <script async src=\"https:\/\/pagead2.googlesyndication.com\/pagead\/js\/adsbygoogle.js?client=ca-pub-8864793242727901\"\r\n     crossorigin=\"anonymous\"><\/script><br \/>\n<\/p>\n<div id=\"taboola-read-more\" style=\"display:block; width:100%\">\n<p>O presidente da OAB de S\u00e3o Paulo,Leonardo Sica, criticou a decis\u00e3o do STF, que ampliou, na \u00faltima ter\u00e7a-feira, o foro privilegiado para pol\u00edticos investigados na Corte.\n<\/p>\n<p>Por 7 votos a 4, os ministros decidiram que as investiga\u00e7\u00f5es de crimes com rela\u00e7\u00e3o ao mandato ou fun\u00e7\u00e3o devem ser mantidas no Supremo mesmo depois que os agentes p\u00fablicos deixarem o cargo.<\/p>\n<p>Antes dessa nova mudan\u00e7a, as investiga\u00e7\u00f5es contra pol\u00edticos eram enviadas para a primeira inst\u00e2ncia quando estes encerravam o mandato ou mudavam para cargos com foro em outras inst\u00e2ncias da Justi\u00e7a.\n<\/p>\n<p>Para Sica, o Supremo permanece ampliando os pr\u00f3prios poderes. \u201cCom isso, aumenta a carga de processos, mas culpa os advogados por congestionar o tribunal com recursos e sustenta\u00e7\u00f5es orais. Ent\u00e3o, seguimos: o STF aumenta seus poderes e, para dar conta disso, reduz os direitos dos advogados, limitando o acesso \u00e0 Justi\u00e7a, o que impacta o pr\u00f3prio direito do cidad\u00e3o a uma defesa plena e justa\u201d, critica o advogado.\n<\/p>\n<p>Fonte: Veja              <\/p>\n<\/div>\n<p><br \/>\n<br \/><a href=\"https:\/\/diariodobrasilnoticias.com.br\/noticia\/presidente-da-oab-sp-critica-a-decisao-do-stf-sobre-o-foro-privilegiado-67d3592c05616\">Source link <\/a><\/p>","protected":false},"excerpt":{"rendered":"<p>O presidente da OAB de S\u00e3o Paulo,Leonardo Sica, criticou a decis\u00e3o do STF, que ampliou, na \u00faltima ter\u00e7a-feira, o foro privilegiado para pol\u00edticos investigados na Corte. Por 7 votos a&hellip;<\/p>","protected":false},"author":1,"featured_media":110896,"comment_status":"closed","ping_status":"open","sticky":false,"template":"","format":"standard","meta":{"content-type":"","footnotes":""},"categories":[16],"tags":[123,2448,5313,1267],"class_list":["post-110895","post","type-post","status-publish","format-standard","has-post-thumbnail","hentry","category-noticias","tag-brasil","tag-diario","tag-noticia","tag-noticias"],"_links":{"self":[{"href":"https:\/\/tvbrazilusa.com\/pt\/wp-json\/wp\/v2\/posts\/110895","targetHints":{"allow":["GET"]}}],"collection":[{"href":"https:\/\/tvbrazilusa.com\/pt\/wp-json\/wp\/v2\/posts"}],"about":[{"href":"https:\/\/tvbrazilusa.com\/pt\/wp-json\/wp\/v2\/types\/post"}],"author":[{"embeddable":true,"href":"https:\/\/tvbrazilusa.com\/pt\/wp-json\/wp\/v2\/users\/1"}],"replies":[{"embeddable":true,"href":"https:\/\/tvbrazilusa.com\/pt\/wp-json\/wp\/v2\/comments?post=110895"}],"version-history":[{"count":1,"href":"https:\/\/tvbrazilusa.com\/pt\/wp-json\/wp\/v2\/posts\/110895\/revisions"}],"predecessor-version":[{"id":110897,"href":"https:\/\/tvbrazilusa.com\/pt\/wp-json\/wp\/v2\/posts\/110895\/revisions\/110897"}],"wp:featuredmedia":[{"embeddable":true,"href":"https:\/\/tvbrazilusa.com\/pt\/wp-json\/wp\/v2\/media\/110896"}],"wp:attachment":[{"href":"https:\/\/tvbrazilusa.com\/pt\/wp-json\/wp\/v2\/media?parent=110895"}],"wp:term":[{"taxonomy":"category","embeddable":true,"href":"https:\/\/tvbrazilusa.com\/pt\/wp-json\/wp\/v2\/categories?post=110895"},{"taxonomy":"post_tag","embeddable":true,"href":"https:\/\/tvbrazilusa.com\/pt\/wp-json\/wp\/v2\/tags?post=110895"}],"curies":[{"name":"wp","href":"https:\/\/api.w.org\/{rel}","templated":true}]}}