{"id":110898,"date":"2025-03-14T01:00:50","date_gmt":"2025-03-14T01:00:50","guid":{"rendered":"https:\/\/tvbrazilusa.com\/2025\/03\/14\/gayer-sobre-alcolumbre-jamais-quis-ofender-ou-depreciar\/"},"modified":"2025-03-14T01:00:52","modified_gmt":"2025-03-14T01:00:52","slug":"gayer-sobre-alcolumbre-jamais-quis-ofender-ou-depreciar","status":"publish","type":"post","link":"https:\/\/tvbrazilusa.com\/pt\/2025\/03\/14\/gayer-sobre-alcolumbre-jamais-quis-ofender-ou-depreciar\/","title":{"rendered":"Gayer sobre Alcolumbre: &#8216;Jamais quis ofender ou depreciar&#8217;"},"content":{"rendered":"<p> <script async src=\"https:\/\/pagead2.googlesyndication.com\/pagead\/js\/adsbygoogle.js?client=ca-pub-8864793242727901\"\r\n     crossorigin=\"anonymous\"><\/script><br \/>\n<\/p>\n<div id=\"taboola-read-more\" style=\"display:block; width:100%\">\n<p>O deputado federal Gustavo Gayer (PL) afirmou nesta quinta-feira, 13, que \u201cjamais quis ofender ou depreciar\u201d o presidente do Senado, Davi Alcolumbre, ao fazer uma postagem em refer\u00eancia a um poss\u00edvel \u201ctrisal\u201d de Alcolumbre com a ministra Gleisi Hoffmann e o deputado federal Lindbergh Farias.\n<\/p>\n<p>\u201cRessalto que minha inten\u00e7\u00e3o era apenas denunciar e escancarar a hipocrisia da esquerda quando se trata da defesa das mulheres, e jamais quis ofender ou depreciar o presidente do Senado Davi Alcolumbre. Caso o presidente Alcolumbre tenha se sentido ofendido, quero deixar bem claro que minhas cr\u00edticas n\u00e3o se referiam a ele, mas sim ao Chefe do Poder Executivo em raz\u00e3o de sua atitude desrespeitosa para com uma de suas Ministras\u201d, escreveu no X.<\/p>\n<p>Segundo o parlamentar, a inten\u00e7\u00e3o dele na publica\u00e7\u00e3o era \u201cdenunciar e escancarar a hipocrisia da esquerda quando se trata das mulheres\u201d , na qual disse ter exercido o direito \u00e0 liberdade de express\u00e3o.\n<\/p>\n<p>A retrata\u00e7\u00e3o de Gayer ocorreu horas depois de Alcolumbre dizer a jornalistas que est\u00e1 avaliando pedir a cassa\u00e7\u00e3o do mandato do deputado.\n<\/p>\n<p>Eis a \u00edntegra da publica\u00e7\u00e3o de Gayer.\n<\/p>\n<p>\u201cNo dia ontem (12\/03\/2025), no Plen\u00e1rio da C\u00e2mara dos Deputados, fui o \u00fanico parlamentar de direita que saiu em defesa da Ministra Gleisi Hoffmann, covardemente menosprezada e achincalhada pelo Presidente da Rep\u00fablica que, utilizando-se de uma fala extremamente machista e mis\u00f3gina, se referiu \u00e0 Ministra como uma esp\u00e9cie de moeda de troca para, em raz\u00e3o de sua \u201cbeleza\u201d, facilitar as articula\u00e7\u00f5es pol\u00edticas do Governo com o Congresso Nacional.\n<\/p>\n<p>Pelas redes sociais, apenas questionei o Deputado Lindbergh Farias se ele iria aceitar as falas repugnantes do Presidente da Rep\u00fablica em rela\u00e7\u00e3o \u00e0 sua companheira Gleisi Hoffmann, denunciando a gravidade do ocorrido.\n<\/p>\n<p>Ressalto que minha inten\u00e7\u00e3o era apenas denunciar e escancarar a hipocrisia da esquerda quando se trata da defesa das mulheres, e jamais quis ofender ou depreciar o presidente do Senado Davi Alcolumbre. Caso o presidente Alcolumbre tenha se sentido ofendido, quero deixar bem claro que minhas cr\u00edticas n\u00e3o se referiam a ele, mas sim ao Chefe do Poder Executivo em raz\u00e3o de sua atitude desrespeitosa para com uma de suas Ministras.\n<\/p>\n<p>O fato \u00e9 que nenhum dos integrantes da esquerda, sejam eles parlamentares ou ministros, se posicionou contra a fala infeliz do Presidente da Rep\u00fablica, cuidando apenas de desviar o foco para abafar referido desrespeito contra as mulheres.\n<\/p>\n<p>Tenho plena consci\u00eancia de que n\u00e3o pratiquei nenhum crime ou ato il\u00edcito em desfavor de qualquer pessoa, tendo exercido t\u00e3o somente o direito \u00e0 liberdade de express\u00e3o, guiado pelo senso de Justi\u00e7a.\u201d\n<\/p>\n<p><strong>Postagem de Gayer<\/strong><br \/>Em publica\u00e7\u00e3o no X, Gayer escreveu na quarta, 12.\n<\/p>\n<p>\u201cMe veio a imagem da Gleisi, Lindbergh Farias e Davi Alcolumbre fazendo um trisal. Que pesadelo.\u201d\n<\/p>\n<p>Horas depois, o deputado apagou a postagem.\n<\/p>\n<p>A postagem do parlamentar foi uma ironia \u00e0 fala de Lula que, durante um evento no Pal\u00e1cio do Planalto nesta quarta-feira, disse que nomeou \u201cuma mulher bonita\u201d para a Secretaria de Rela\u00e7\u00f5es Institucionais como forma de n\u00e3o ter \u201cmais dist\u00e2ncia\u201d de Alcolumbre e do presidente da C\u00e2mara dos Deputados, Hugo Motta (Republicanos).\n<\/p>\n<p><strong>\u2018Cafetina\u2019<\/strong><br \/>Integrantes da bancada do PT na C\u00e2mara v\u00e3o apresentar den\u00fancias ao Conselho de \u00c9tica da Casa e \u00e0 Procuradoria-Geral da Rep\u00fablica (PGR) para investigar a conduta de Gayer, ap\u00f3s o congressista ter afirmado que Lula tratou a ministra de Rela\u00e7\u00f5es Institucionais, Gleisi Hoffmann, como \u201cuma cafetina\u201d.\n<\/p>\n<p>\u201cEnt\u00e3o, n\u00f3s da Direita, nos sentimos na obriga\u00e7\u00e3o de vir aqui e nos posicionar, prestando nossa solidariedade a uma mulher que foi tratada de forma t\u00e3o desrespeitosa, como uma cafetina, por um cafet\u00e3o, o Lula, Presidente da Rep\u00fablica, que praticamente a ofereceu como objeto sexual para poder fazer negocia\u00e7\u00e3o com o Congresso\u201d, declarou Gayer no plen\u00e1rio da C\u00e2mara.\n<\/p>\n<p>Namorado de Gleisi, Lindbergh chamou Gayer de \u201cvagabundo\u201d e \u201ccanalha\u201d.\n<\/p>\n<p>As bancadas femininas do PT da C\u00e2mara e Senado emitiram uma nota oficial criticando a postura do deputado.\n<\/p>\n<p>Mas ficaram em sil\u00eancio em rela\u00e7\u00e3o \u00e0s falas de Lula.\n<\/p>\n<p>Agora, os petistas v\u00e3o protocolar um pedido de cassa\u00e7\u00e3o de mandato contra o deputado goiano.\n<\/p>\n<p>Fonte: O Antagonista              <\/p>\n<\/div>\n<p><br \/>\n<br \/><a href=\"https:\/\/diariodobrasilnoticias.com.br\/noticia\/gayer-sobre-alcolumbre-jamais-quis-ofender-ou-depreciar-67d359a1ace88\">Source link <\/a><\/p>","protected":false},"excerpt":{"rendered":"<p>O deputado federal Gustavo Gayer (PL) afirmou nesta quinta-feira, 13, que \u201cjamais quis ofender ou depreciar\u201d o presidente do Senado, Davi Alcolumbre, ao fazer uma postagem em refer\u00eancia a um&hellip;<\/p>","protected":false},"author":1,"featured_media":110899,"comment_status":"closed","ping_status":"open","sticky":false,"template":"","format":"standard","meta":{"content-type":"","footnotes":""},"categories":[16],"tags":[123,2448,5313,1267],"class_list":["post-110898","post","type-post","status-publish","format-standard","has-post-thumbnail","hentry","category-noticias","tag-brasil","tag-diario","tag-noticia","tag-noticias"],"_links":{"self":[{"href":"https:\/\/tvbrazilusa.com\/pt\/wp-json\/wp\/v2\/posts\/110898","targetHints":{"allow":["GET"]}}],"collection":[{"href":"https:\/\/tvbrazilusa.com\/pt\/wp-json\/wp\/v2\/posts"}],"about":[{"href":"https:\/\/tvbrazilusa.com\/pt\/wp-json\/wp\/v2\/types\/post"}],"author":[{"embeddable":true,"href":"https:\/\/tvbrazilusa.com\/pt\/wp-json\/wp\/v2\/users\/1"}],"replies":[{"embeddable":true,"href":"https:\/\/tvbrazilusa.com\/pt\/wp-json\/wp\/v2\/comments?post=110898"}],"version-history":[{"count":1,"href":"https:\/\/tvbrazilusa.com\/pt\/wp-json\/wp\/v2\/posts\/110898\/revisions"}],"predecessor-version":[{"id":110900,"href":"https:\/\/tvbrazilusa.com\/pt\/wp-json\/wp\/v2\/posts\/110898\/revisions\/110900"}],"wp:featuredmedia":[{"embeddable":true,"href":"https:\/\/tvbrazilusa.com\/pt\/wp-json\/wp\/v2\/media\/110899"}],"wp:attachment":[{"href":"https:\/\/tvbrazilusa.com\/pt\/wp-json\/wp\/v2\/media?parent=110898"}],"wp:term":[{"taxonomy":"category","embeddable":true,"href":"https:\/\/tvbrazilusa.com\/pt\/wp-json\/wp\/v2\/categories?post=110898"},{"taxonomy":"post_tag","embeddable":true,"href":"https:\/\/tvbrazilusa.com\/pt\/wp-json\/wp\/v2\/tags?post=110898"}],"curies":[{"name":"wp","href":"https:\/\/api.w.org\/{rel}","templated":true}]}}