{"id":110904,"date":"2025-03-14T01:29:05","date_gmt":"2025-03-14T01:29:05","guid":{"rendered":"https:\/\/tvbrazilusa.com\/2025\/03\/14\/lider-do-terceiro-comando-e-preso-em-consulta-de-procedimento-estetico\/"},"modified":"2025-03-14T01:29:06","modified_gmt":"2025-03-14T01:29:06","slug":"lider-do-terceiro-comando-e-preso-em-consulta-de-procedimento-estetico","status":"publish","type":"post","link":"https:\/\/tvbrazilusa.com\/pt\/2025\/03\/14\/lider-do-terceiro-comando-e-preso-em-consulta-de-procedimento-estetico\/","title":{"rendered":"L\u00edder do Terceiro Comando \u00e9 preso em consulta de procedimento est\u00e9tico"},"content":{"rendered":"<p> <script async src=\"https:\/\/pagead2.googlesyndication.com\/pagead\/js\/adsbygoogle.js?client=ca-pub-8864793242727901\"\r\n     crossorigin=\"anonymous\"><\/script><br \/>\n<\/p>\n<div id=\"taboola-read-more\" style=\"display:block; width:100%\">\n<p>Apontado como um um tr\u00eas chef\u00f5es no topo da hierarquia da fac\u00e7\u00e3o criminosa Terceiro Comando Puro (TCP) no Complexo da Mar\u00e9, na Zona Norte do Rio de Janeiro, Luiz Carlos de Lomba (foto em destaque), conhecido como \u201cChocolate\u201d, 61 anos, foi preso, na manh\u00e3 desta quinta-feira (13\/3) durante a Opera\u00e7\u00e3o Espoliador, deflagrada contra foragidos pelos crimes de roubo, latroc\u00ednio \u2013 assalto seguido de morte \u2013 e recepta\u00e7\u00e3o. As equipes policiais encontraram o criminoso em Itaperuna (RJ), no noroeste Fluminense.\n<\/p>\n<p>As investiga\u00e7\u00f5es revelaram que Chocolate atuava como \u201cqu\u00edmico\u201d da fac\u00e7\u00e3o e ficava respons\u00e1vel por avaliar a qualidade e a pureza da coca\u00edna comercializada pelo TCP na Mar\u00e9. A Pol\u00edcia Civil do Rio de Janeiro (PCRJ) identificou que ele n\u00e3o atuava mais no complexo e, mais recentemente, trabalhava em home office para a organiza\u00e7\u00e3o.<\/p>\n<p>No momento da pris\u00e3o, Luiz Carlos estava em uma consulta de avalia\u00e7\u00e3o para passar por um procedimento est\u00e9tico. A corpora\u00e7\u00e3o detalhou que ele havia feito uma harmoniza\u00e7\u00e3o facial para alterar a pr\u00f3pria apar\u00eancia, na tentativa de despistar a pol\u00edcia e evitar, assim, pagar pelos crimes cometidos.\n<\/p>\n<p>Contra Chocolate, havia um mandado de pris\u00e3o expedido pela Justi\u00e7a em 2024, pelos crimes de associa\u00e7\u00e3o criminosa e roubo. Ele \u00e9 investigado em ao menos 35 processos criminais.\n<\/p>\n<p>Em 2021, a Delegacia de Combate \u00e0s Drogas (DCod) identificou Luiz como um dos organizadores de bailes funk na Vila do Jo\u00e3o, no Complexo da Mar\u00e9, organizados por eles para aumentar lucros com a venda de drogas, bebidas e at\u00e9 comidas. A pris\u00e3o foi efetuada por agentes da Delegacia de Defrauda\u00e7\u00f5es (DDEF), da 21\u00aa DP (Bonsucesso) e da 143\u00aa DP (Itaperuna).\n<\/p>\n<p>Fonte: Metr\u00f3poles              <\/p>\n<\/div>\n<p><br \/>\n<br \/><a href=\"https:\/\/diariodobrasilnoticias.com.br\/noticia\/lider-do-terceiro-comando-e-preso-em-consulta-de-procedimento-estetico-67d341566680b\">Source link <\/a><\/p>","protected":false},"excerpt":{"rendered":"<p>Apontado como um um tr\u00eas chef\u00f5es no topo da hierarquia da fac\u00e7\u00e3o criminosa Terceiro Comando Puro (TCP) no Complexo da Mar\u00e9, na Zona Norte do Rio de Janeiro, Luiz Carlos&hellip;<\/p>","protected":false},"author":1,"featured_media":110905,"comment_status":"closed","ping_status":"open","sticky":false,"template":"","format":"standard","meta":{"content-type":"","footnotes":""},"categories":[16],"tags":[123,2448,5313,1267],"class_list":["post-110904","post","type-post","status-publish","format-standard","has-post-thumbnail","hentry","category-noticias","tag-brasil","tag-diario","tag-noticia","tag-noticias"],"_links":{"self":[{"href":"https:\/\/tvbrazilusa.com\/pt\/wp-json\/wp\/v2\/posts\/110904","targetHints":{"allow":["GET"]}}],"collection":[{"href":"https:\/\/tvbrazilusa.com\/pt\/wp-json\/wp\/v2\/posts"}],"about":[{"href":"https:\/\/tvbrazilusa.com\/pt\/wp-json\/wp\/v2\/types\/post"}],"author":[{"embeddable":true,"href":"https:\/\/tvbrazilusa.com\/pt\/wp-json\/wp\/v2\/users\/1"}],"replies":[{"embeddable":true,"href":"https:\/\/tvbrazilusa.com\/pt\/wp-json\/wp\/v2\/comments?post=110904"}],"version-history":[{"count":1,"href":"https:\/\/tvbrazilusa.com\/pt\/wp-json\/wp\/v2\/posts\/110904\/revisions"}],"predecessor-version":[{"id":110906,"href":"https:\/\/tvbrazilusa.com\/pt\/wp-json\/wp\/v2\/posts\/110904\/revisions\/110906"}],"wp:featuredmedia":[{"embeddable":true,"href":"https:\/\/tvbrazilusa.com\/pt\/wp-json\/wp\/v2\/media\/110905"}],"wp:attachment":[{"href":"https:\/\/tvbrazilusa.com\/pt\/wp-json\/wp\/v2\/media?parent=110904"}],"wp:term":[{"taxonomy":"category","embeddable":true,"href":"https:\/\/tvbrazilusa.com\/pt\/wp-json\/wp\/v2\/categories?post=110904"},{"taxonomy":"post_tag","embeddable":true,"href":"https:\/\/tvbrazilusa.com\/pt\/wp-json\/wp\/v2\/tags?post=110904"}],"curies":[{"name":"wp","href":"https:\/\/api.w.org\/{rel}","templated":true}]}}