{"id":110910,"date":"2025-03-14T01:54:14","date_gmt":"2025-03-14T01:54:14","guid":{"rendered":"https:\/\/tvbrazilusa.com\/2025\/03\/14\/urgente-zanin-marca-julgamento-da-denuncia-contra-bolsonaro-veja-data\/"},"modified":"2025-03-14T01:54:16","modified_gmt":"2025-03-14T01:54:16","slug":"urgente-zanin-marca-julgamento-da-denuncia-contra-bolsonaro-veja-data","status":"publish","type":"post","link":"https:\/\/tvbrazilusa.com\/pt\/2025\/03\/14\/urgente-zanin-marca-julgamento-da-denuncia-contra-bolsonaro-veja-data\/","title":{"rendered":"URGENTE: Zanin marca julgamento da den\u00fancia contra Bolsonaro; veja data"},"content":{"rendered":"<p> <script async src=\"https:\/\/pagead2.googlesyndication.com\/pagead\/js\/adsbygoogle.js?client=ca-pub-8864793242727901\"\r\n     crossorigin=\"anonymous\"><\/script><br \/>\n<\/p>\n<div id=\"taboola-read-more\" style=\"display:block; width:100%\">\n<p>O ministro do Supremo Tribunal Federal (STF), Cristiano Zanin, marcou para as 9:30 horas do dia 25 de mar\u00e7o o julgamento de den\u00fancia contra o ex-presidente da Rep\u00fablica, Jair Bolsonaro (PL), que analisa suposta trama golpista para anular elei\u00e7\u00f5es de 2022.\n<\/p>\n<p>Entre os crimes imputados ao ex-presidente e aos outros denunciados, est\u00e3o lideran\u00e7a de organiza\u00e7\u00e3o criminosa, tentativa de aboli\u00e7\u00e3o violenta do Estado Democr\u00e1tico de Direito, golpe de Estado, dano contra o patrim\u00f4nio da Uni\u00e3o e deteriora\u00e7\u00e3o de patrim\u00f4nio tombado.<\/p>\n<p>Em despacho assinado nesta quinta-feira (13) na Peti\u00e7\u00e3o (Pet) 12100, o ministro Alexandre de Moraes, relator do caso, havia liberado o processo e solicitado sua inclus\u00e3o em pauta para julgamento presencial. Em seguida, o ministro Zanin designou tr\u00eas sess\u00f5es para a aprecia\u00e7\u00e3o da den\u00fancia contra o chamado N\u00facleo 1 de acusados: duas no dia 25, \u00e0s 9h30 e \u00e0s 14h, e a terceira no dia 26, \u00e0s 9h30.\n<\/p>\n<p>Moraes ainda solicitou que o julgamento do chamado N\u00facleo 1 seja presencial. Esse n\u00facleo inclui Bolsonaro, Alexandre Ramagem, Almir Garnier, Anderson Torres, Mauro Cid, Paulo S\u00e9rgio Nogueira, Augusto Heleno e Braga Netto.\n<\/p>\n<p>Os ministros Cristiano Zanin, Carmen L\u00facia, Luiz Fux, Alexandre de Moraes e Fl\u00e1vio Dino v\u00e3o analisar se aceitam ou n\u00e3o as acusa\u00e7\u00f5es.\n<\/p>\n<p><strong>Den\u00fancia<\/strong><br \/>A den\u00fancia da PGR \u00e9 refor\u00e7ada ap\u00f3s a apresenta\u00e7\u00e3o das defesas de todos os denunciados. \u201cA manifesta\u00e7\u00e3o \u00e9 pelo recebimento da den\u00fancia\u201d, expressou Gonet.\n<\/p>\n<p>\u201cSuperadas as preliminares suscitadas pelos denunciados, basta anotar, quanto ao m\u00e9rito, que a fase processual do recebimento da den\u00fancia \u00e9 ju\u00edzo de deliba\u00e7\u00e3o, jamais de cogni\u00e7\u00e3o exauriente e que, na esp\u00e9cie, a den\u00fancia descreve de forma pormenorizada os fatos delituosos e as suas circunst\u00e2ncias\u201d, relata o chefe da PGR em sua manifesta\u00e7\u00e3o.\n<\/p>\n<p>Gonet rebateu, de forma conjunta, os argumentos apresentados pelos oito investigados que fazem parte do chamado \u201cn\u00facleo central\u201d da suposta organiza\u00e7\u00e3o criminosa. A PGR fatiou a den\u00fancia do STF sobre os acusados pela trama golpista em tr\u00eas n\u00facleos. No total, 34 pessoas foram denunciadas.\n<\/p>\n<p><strong>Defesas<\/strong>\n<\/p>\n<p>No documento encaminhado ao STF, Gonet contrap\u00f4s os pontos centrais apresentados pelas alega\u00e7\u00f5es das defesas de Bolsonaro e dos demais denunciados. Um dos contra-argumentos da PGR, por exemplo, refere-se ao pedido de anula\u00e7\u00e3o do acordo de dela\u00e7\u00e3o premiada do ex-ajudante de ordens da Presid\u00eancia da Rep\u00fablica, tenente-coronel Mauro Cid, que se tornou pe\u00e7a da investiga\u00e7\u00e3o e da den\u00fancia oferecida ao STF.\n<\/p>\n<p>O pedido de anula\u00e7\u00e3o foi feito pelos advogados de Bolsonaro, ao questionarem como se deu a dela\u00e7\u00e3o de Mauro Cid \u2014 que teria sido pressionado \u2014, com o cerceamento ao pleno direito de defesa.\n<\/p>\n<p>\u201cO colaborador [Cid] esteve sempre acompanhado dos seus ilustres patronos constitu\u00eddos. Nos referidos autos, a Procuradoria-Geral da Rep\u00fablica se manifestou, em mais de uma oportunidade, pela manuten\u00e7\u00e3o do acordo de colabora\u00e7\u00e3o premiada, o que foi acolhido judicialmente. N\u00e3o h\u00e1 fato novo que justifique a altera\u00e7\u00e3o desse entendimento\u201d, apontou a PGR.\n<\/p>\n<p>Gonet exp\u00f4s, ainda, que o pr\u00f3prio Mauro Cid, na apresenta\u00e7\u00e3o da defesa, pleiteou \u201ca manuten\u00e7\u00e3o de todos termos ajustados no seu acordo, refor\u00e7ando a voluntariedade da pactua\u00e7\u00e3o e o seu compromisso com o cumprimento das cl\u00e1usulas estabelecidas\u201d.\n<\/p>\n<p>Fonte: Metr\u00f3poles              <\/p>\n<\/div>\n<p><br \/>\n<br \/><a href=\"https:\/\/diariodobrasilnoticias.com.br\/noticia\/urgente-zanin-marca-para-25-de-marco-julgamento-da-denuncia-contra-bolsonaro-67d35dc7ba7dd\">Source link <\/a><\/p>","protected":false},"excerpt":{"rendered":"<p>O ministro do Supremo Tribunal Federal (STF), Cristiano Zanin, marcou para as 9:30 horas do dia 25 de mar\u00e7o o julgamento de den\u00fancia contra o ex-presidente da Rep\u00fablica, Jair Bolsonaro&hellip;<\/p>","protected":false},"author":1,"featured_media":110911,"comment_status":"closed","ping_status":"open","sticky":false,"template":"","format":"standard","meta":{"content-type":"","footnotes":""},"categories":[16],"tags":[123,2448,5313,1267],"class_list":["post-110910","post","type-post","status-publish","format-standard","has-post-thumbnail","hentry","category-noticias","tag-brasil","tag-diario","tag-noticia","tag-noticias"],"_links":{"self":[{"href":"https:\/\/tvbrazilusa.com\/pt\/wp-json\/wp\/v2\/posts\/110910","targetHints":{"allow":["GET"]}}],"collection":[{"href":"https:\/\/tvbrazilusa.com\/pt\/wp-json\/wp\/v2\/posts"}],"about":[{"href":"https:\/\/tvbrazilusa.com\/pt\/wp-json\/wp\/v2\/types\/post"}],"author":[{"embeddable":true,"href":"https:\/\/tvbrazilusa.com\/pt\/wp-json\/wp\/v2\/users\/1"}],"replies":[{"embeddable":true,"href":"https:\/\/tvbrazilusa.com\/pt\/wp-json\/wp\/v2\/comments?post=110910"}],"version-history":[{"count":1,"href":"https:\/\/tvbrazilusa.com\/pt\/wp-json\/wp\/v2\/posts\/110910\/revisions"}],"predecessor-version":[{"id":110912,"href":"https:\/\/tvbrazilusa.com\/pt\/wp-json\/wp\/v2\/posts\/110910\/revisions\/110912"}],"wp:featuredmedia":[{"embeddable":true,"href":"https:\/\/tvbrazilusa.com\/pt\/wp-json\/wp\/v2\/media\/110911"}],"wp:attachment":[{"href":"https:\/\/tvbrazilusa.com\/pt\/wp-json\/wp\/v2\/media?parent=110910"}],"wp:term":[{"taxonomy":"category","embeddable":true,"href":"https:\/\/tvbrazilusa.com\/pt\/wp-json\/wp\/v2\/categories?post=110910"},{"taxonomy":"post_tag","embeddable":true,"href":"https:\/\/tvbrazilusa.com\/pt\/wp-json\/wp\/v2\/tags?post=110910"}],"curies":[{"name":"wp","href":"https:\/\/api.w.org\/{rel}","templated":true}]}}