{"id":110913,"date":"2025-03-14T04:44:07","date_gmt":"2025-03-14T04:44:07","guid":{"rendered":"https:\/\/tvbrazilusa.com\/2025\/03\/14\/brasil-enfrenta-recorde-de-afastamentos-por-ansiedade-e-depressao-nos-ultimos-10-anos-tv-florida-usa-a-sua-tv-brasileira-nos-estados-unidos\/"},"modified":"2025-03-14T05:34:26","modified_gmt":"2025-03-14T05:34:26","slug":"brasil-enfrenta-recorde-de-afastamentos-por-ansiedade-e-depressao-nos-ultimos-10-anos-tv-florida-usa-a-sua-tv-brasileira-nos-estados-unidos","status":"publish","type":"post","link":"https:\/\/tvbrazilusa.com\/pt\/2025\/03\/14\/brasil-enfrenta-recorde-de-afastamentos-por-ansiedade-e-depressao-nos-ultimos-10-anos-tv-florida-usa-a-sua-tv-brasileira-nos-estados-unidos\/","title":{"rendered":"Brasil enfrenta recorde de afastamentos por ansiedade e depress\u00e3o nos \u00faltimos 10 anos \u2013 TV Florida USA \u2013 A sua TV Brasileira nos Estados Unidos"},"content":{"rendered":"<p> <script async src=\"https:\/\/pagead2.googlesyndication.com\/pagead\/js\/adsbygoogle.js?client=ca-pub-8864793242727901\"\r\n     crossorigin=\"anonymous\"><\/script><br \/>\n<\/p>\n<div id=\"taboola-read-more\" style=\"display:block; width:100%\">\n<p>O Brasil vive uma crise de sa\u00fade mental com impacto direto na vida de trabalhadores e de empresas. \u00c9 o que revelam dados exclusivos do Minist\u00e9rio da Previd\u00eancia Social sobre afastamentos do trabalho. Em 2024, foram quase meio milh\u00e3o de afastamentos, o maior n\u00famero em pelo menos dez anos.\n<\/p>\n<p>Os dados, obtidos com exclusividade pelo g1, mostram que, no \u00faltimo ano, os transtornos mentais chegaram a uma situa\u00e7\u00e3o incapacitante como nunca visto. Na compara\u00e7\u00e3o com o ano anterior, as 472.328 licen\u00e7as m\u00e9dicas concedidas representam um aumento de 68%.<\/p>\n<p>Veja o gr\u00e1fico abaixo:\n<\/p>\n<p style=\"text-align: center;\"><em>Foto: Luisa Rivas | Arte g1<\/em>\n<\/p>\n<p>E o que explica o recorde de afastamentos em 2024? De acordo com psiquiatras e psic\u00f3logos, \u00e9 reflexo da situa\u00e7\u00e3o do mercado de trabalho e das cicatrizes da pandemia, entre outros pontos.\n<\/p>\n<p>A crise fez que o governo federal buscasse medidas mais duras. O Minist\u00e9rio do Trabalho anunciou a atualiza\u00e7\u00e3o da NR-1, que \u00e9 a norma com as diretrizes sobre sa\u00fade no ambiente do trabalho. Agora, o tema passa a ser fiscalizado nas empresas e pode, inclusive, render multa\n<\/p>\n<p>Os dados solicitados pelo g1 ao Minist\u00e9rio da Previd\u00eancia Social permitem tra\u00e7ar um raio-x da situa\u00e7\u00e3o, com a lista de doen\u00e7as que motivaram os benef\u00edcios por incapacidade tempor\u00e1ria (antigo aux\u00edlio-doen\u00e7a).\n<\/p>\n<p>O benef\u00edcio \u00e9 concedido pelo Instituto Nacional do Seguro Social (INSS) quando o trabalhador precisa se afastar por mais de 15 dias. Para isso, \u00e9 preciso passar por uma per\u00edcia m\u00e9dica, na qual \u00e9 declarada qual doen\u00e7a justifica a licen\u00e7a.\n<\/p>\n<p>Em 2024, foram 3,5 milh\u00f5es pedidos de licen\u00e7a no INSS motivados por v\u00e1rias doen\u00e7as. Desse total, 472 mil solicita\u00e7\u00f5es foram atendidas por quest\u00f5es de sa\u00fade mental. No ano anterior, foram 283 mil benef\u00edcios concedidos por esse motivo. Ou seja, um aumento de 68% e um marco na s\u00e9rie hist\u00f3rica dos \u00faltimos 10 anos. (Veja a evolu\u00e7\u00e3o no gr\u00e1fico abaixo)\n<\/p>\n<\/p>\n<div id=\"chunk-eo63d\">\n<div class=\"show-intertitulo-block\">\n<p class=\"show-intertitulo-block__rights-holder\" style=\"text-align: center;\"><em>Foto: Luisa Rivas | Arte g1<\/em>\n<\/p>\n<p>O n\u00famero acima traz a lista de doen\u00e7as de sa\u00fade mental que mais geraram concess\u00e3o de benef\u00edcios por incapacidade tempor\u00e1ria. O burnout, por exemplo, n\u00e3o est\u00e1 nessa lista. No ano passado, foram 4 mil afastamentos por esse motivo. Os especialistas explicam que o n\u00famero tem rela\u00e7\u00e3o com a dificuldade do diagn\u00f3stico.\n<\/p>\n<p>Al\u00e9m disso, os dados representam afastamentos e n\u00e3o trabalhadores. Isso porque uma pessoa pode tirar mais de uma licen\u00e7a m\u00e9dica no mesmo ano e esse n\u00famero \u00e9 contabilizado mais de uma vez.\n<\/p>\n<p>Procurado pelo g1, o Instituto Nacional do Seguro Social (INSS) n\u00e3o informou quanto de sua verba foi revertida em assist\u00eancia \u00e0 sa\u00fade mental. Apesar disso, esclareceu que as pessoas passaram, em m\u00e9dia, tr\u00eas meses afastadas, recebendo cerca de R$ 1,9 mil por m\u00eas. Considerando esses valores, o impacto pode ter chegado a at\u00e9 quase R$ 3 bilh\u00f5es em 2024.\n<\/p>\n<p>O maior n\u00famero de licen\u00e7as est\u00e1 nos estados mais populosos como S\u00e3o Paulo, Minas Gerais e Rio de Janeiro. No entanto, proporcionalmente, quando consideramos o n\u00famero de afastamentos em rela\u00e7\u00e3o \u00e0 popula\u00e7\u00e3o, os maiores \u00edndices foram registrados no Distrito Federal, em Santa Catarina e no Rio Grande do Sul.\n<\/p>\n<p>N\u00e3o h\u00e1 uma explica\u00e7\u00e3o para o \u00edndice de cada estado, mas especialistas lembram que no caso do Rio Grande do Sul, por exemplo, houve uma trag\u00e9dia: a enchente que matou centenas de pessoas e deixou milhares sem casa, afetando diversas esferas da vida dos trabalhadores.\n<\/p>\n<\/div>\n<\/div>\n<\/div>\n<p><br \/>\n<br \/><a href=\"https:\/\/tvfloridausa.com\/2025\/03\/14\/crise-de-saude-mental-brasil-enfrenta-recorde-de-afastamentos-por-ansiedade-e-depressao-nos-ultimos-10-anos\/\">Source link <\/a><\/p>","protected":false},"excerpt":{"rendered":"<p>O Brasil vive uma crise de sa\u00fade mental com impacto direto na vida de trabalhadores e de empresas. \u00c9 o que revelam dados exclusivos do Minist\u00e9rio da Previd\u00eancia Social sobre&hellip;<\/p>","protected":false},"author":1,"featured_media":110914,"comment_status":"closed","ping_status":"open","sticky":false,"template":"","format":"standard","meta":{"content-type":"","footnotes":""},"categories":[22],"tags":[],"class_list":["post-110913","post","type-post","status-publish","format-standard","has-post-thumbnail","hentry","category-tv-florida-usa"],"_links":{"self":[{"href":"https:\/\/tvbrazilusa.com\/pt\/wp-json\/wp\/v2\/posts\/110913","targetHints":{"allow":["GET"]}}],"collection":[{"href":"https:\/\/tvbrazilusa.com\/pt\/wp-json\/wp\/v2\/posts"}],"about":[{"href":"https:\/\/tvbrazilusa.com\/pt\/wp-json\/wp\/v2\/types\/post"}],"author":[{"embeddable":true,"href":"https:\/\/tvbrazilusa.com\/pt\/wp-json\/wp\/v2\/users\/1"}],"replies":[{"embeddable":true,"href":"https:\/\/tvbrazilusa.com\/pt\/wp-json\/wp\/v2\/comments?post=110913"}],"version-history":[{"count":1,"href":"https:\/\/tvbrazilusa.com\/pt\/wp-json\/wp\/v2\/posts\/110913\/revisions"}],"predecessor-version":[{"id":110915,"href":"https:\/\/tvbrazilusa.com\/pt\/wp-json\/wp\/v2\/posts\/110913\/revisions\/110915"}],"wp:featuredmedia":[{"embeddable":true,"href":"https:\/\/tvbrazilusa.com\/pt\/wp-json\/wp\/v2\/media\/110914"}],"wp:attachment":[{"href":"https:\/\/tvbrazilusa.com\/pt\/wp-json\/wp\/v2\/media?parent=110913"}],"wp:term":[{"taxonomy":"category","embeddable":true,"href":"https:\/\/tvbrazilusa.com\/pt\/wp-json\/wp\/v2\/categories?post=110913"},{"taxonomy":"post_tag","embeddable":true,"href":"https:\/\/tvbrazilusa.com\/pt\/wp-json\/wp\/v2\/tags?post=110913"}],"curies":[{"name":"wp","href":"https:\/\/api.w.org\/{rel}","templated":true}]}}