{"id":110918,"date":"2025-03-14T10:06:54","date_gmt":"2025-03-14T10:06:54","guid":{"rendered":"https:\/\/tvbrazilusa.com\/2025\/03\/14\/deputado-andre-janones-diz-que-michelle-bolsonaro-nao-e-incomivel\/"},"modified":"2025-03-14T10:06:54","modified_gmt":"2025-03-14T10:06:54","slug":"deputado-andre-janones-diz-que-michelle-bolsonaro-nao-e-incomivel","status":"publish","type":"post","link":"https:\/\/tvbrazilusa.com\/pt\/2025\/03\/14\/deputado-andre-janones-diz-que-michelle-bolsonaro-nao-e-incomivel\/","title":{"rendered":"Deputado Andr\u00e9 Janones diz que Michelle Bolsonaro &#8216;n\u00e3o \u00e9 incom\u00edvel&#8217;"},"content":{"rendered":"<p> <script async src=\"https:\/\/pagead2.googlesyndication.com\/pagead\/js\/adsbygoogle.js?client=ca-pub-8864793242727901\"\r\n     crossorigin=\"anonymous\"><\/script><br \/>\n<\/p>\n<div id=\"taboola-read-more\" style=\"display:block; width:100%\">\n<p>O deputado federal Andr\u00e9 Janones (Avante-MG) afirmou que a ex-primeira-dama Michelle Bolsonaro (PL) \u201cn\u00e3o \u00e9 incom\u00edvel\u201d, em coment\u00e1rio feito em uma publica\u00e7\u00e3o do<strong>\u00a0Pleno.News<\/strong>\u00a0no X.\n<\/p>\n<p>A reportagem em quest\u00e3o repercutia uma fala da esposa do ex-presidente Jair Bolsonaro (PL) de que ela e seus aliados pol\u00edticos s\u00e3o \u201cimpar\u00e1veis\u201d em seus objetivos.<\/p>\n<p>Janones, por sua vez, debochou da declara\u00e7\u00e3o tecendo um coment\u00e1rio sobre a apar\u00eancia de Michelle.\n<\/p>\n<p>\u2013 Impar\u00e1vel pode at\u00e9 ser, mas incom\u00edvel n\u00e3o \u00e9 n\u00e3o \u2013 disse ele, acrescentando emojis de risadas.\n<\/p>\n<p><strong>Veja:<\/strong>\n<\/p>\n<p><img decoding=\"async\" class=\"alignnone wp-image-1474296 size-large\" src=\"https:\/\/static.cdn.pleno.news\/2025\/03\/WhatsApp-Image-2025-03-13-at-15.55.42-673x1024.jpeg\" sizes=\"(max-width: 600px) 100vw, 600px\" srcset=\"https:\/\/static.cdn.pleno.news\/2025\/03\/WhatsApp-Image-2025-03-13-at-15.55.42-673x1024.jpeg 673w, https:\/\/static.cdn.pleno.news\/2025\/03\/WhatsApp-Image-2025-03-13-at-15.55.42-197x300.jpeg 197w, https:\/\/static.cdn.pleno.news\/2025\/03\/WhatsApp-Image-2025-03-13-at-15.55.42-768x1168.jpeg 768w, https:\/\/static.cdn.pleno.news\/2025\/03\/WhatsApp-Image-2025-03-13-at-15.55.42-99x150.jpeg 99w, https:\/\/static.cdn.pleno.news\/2025\/03\/WhatsApp-Image-2025-03-13-at-15.55.42-164x250.jpeg 164w, https:\/\/static.cdn.pleno.news\/2025\/03\/WhatsApp-Image-2025-03-13-at-15.55.42-10x15.jpeg 10w, https:\/\/static.cdn.pleno.news\/2025\/03\/WhatsApp-Image-2025-03-13-at-15.55.42.jpeg 1052w\" alt=\"\"\/>\n<\/p>\n<p>O termo \u201cincom\u00edvel\u201d tornou-se uma esp\u00e9cie de bord\u00e3o do ex-presidente Jair Bolsonaro (PL), que com frequ\u00eancia descreve a si mesmo como \u201cimorr\u00edvel, imbroch\u00e1vel e incom\u00edvel\u201d e possui uma medalha dos \u201c3 is\u201d, que concede a figuras p\u00fablicas com as quais ele simpatiza.<\/p>\n<p>Fonte: Pleno News              <\/p>\n<\/div>\n<p><br \/>\n<br \/><a href=\"https:\/\/diariodobrasilnoticias.com.br\/noticia\/deputado-andre-janones-diz-que-michelle-bolsonaro-nao-e-incomivel-67d3feeb2058d\">Source link <\/a><\/p>","protected":false},"excerpt":{"rendered":"<p>O deputado federal Andr\u00e9 Janones (Avante-MG) afirmou que a ex-primeira-dama Michelle Bolsonaro (PL) \u201cn\u00e3o \u00e9 incom\u00edvel\u201d, em coment\u00e1rio feito em uma publica\u00e7\u00e3o do\u00a0Pleno.News\u00a0no X. A reportagem em quest\u00e3o repercutia uma&hellip;<\/p>","protected":false},"author":1,"featured_media":0,"comment_status":"","ping_status":"open","sticky":false,"template":"","format":"standard","meta":{"content-type":"","footnotes":""},"categories":[16],"tags":[123,2448,5313,1267],"class_list":["post-110918","post","type-post","status-publish","format-standard","hentry","category-noticias","tag-brasil","tag-diario","tag-noticia","tag-noticias"],"_links":{"self":[{"href":"https:\/\/tvbrazilusa.com\/pt\/wp-json\/wp\/v2\/posts\/110918","targetHints":{"allow":["GET"]}}],"collection":[{"href":"https:\/\/tvbrazilusa.com\/pt\/wp-json\/wp\/v2\/posts"}],"about":[{"href":"https:\/\/tvbrazilusa.com\/pt\/wp-json\/wp\/v2\/types\/post"}],"author":[{"embeddable":true,"href":"https:\/\/tvbrazilusa.com\/pt\/wp-json\/wp\/v2\/users\/1"}],"replies":[{"embeddable":true,"href":"https:\/\/tvbrazilusa.com\/pt\/wp-json\/wp\/v2\/comments?post=110918"}],"version-history":[{"count":0,"href":"https:\/\/tvbrazilusa.com\/pt\/wp-json\/wp\/v2\/posts\/110918\/revisions"}],"wp:attachment":[{"href":"https:\/\/tvbrazilusa.com\/pt\/wp-json\/wp\/v2\/media?parent=110918"}],"wp:term":[{"taxonomy":"category","embeddable":true,"href":"https:\/\/tvbrazilusa.com\/pt\/wp-json\/wp\/v2\/categories?post=110918"},{"taxonomy":"post_tag","embeddable":true,"href":"https:\/\/tvbrazilusa.com\/pt\/wp-json\/wp\/v2\/tags?post=110918"}],"curies":[{"name":"wp","href":"https:\/\/api.w.org\/{rel}","templated":true}]}}